{"id":3644,"date":"2019-06-20T12:25:39","date_gmt":"2019-06-20T17:25:39","guid":{"rendered":"https:\/\/u-storage.com.mx\/blog\/?p=3644"},"modified":"2023-11-22T17:13:52","modified_gmt":"2023-11-22T23:13:52","slug":"fibra-storage-suma-inversiones","status":"publish","type":"post","link":"https:\/\/u-storage.com.mx\/blog\/fibra-storage-suma-inversiones\/","title":{"rendered":"FIBRA Storage Suma Inversiones y Bienes al Iniciar el 2\u00ba Semestre de 2019"},"content":{"rendered":"<p>Considerado el primer Fideicomiso de Inversi\u00f3n y Bienes Ra\u00edces enfocado en el negocio inmobiliario del auto-almacenaje, en d\u00edas recientes, <span style=\"color: #ff6600;\"><a style=\"color: #ff6600;\" href=\"http:\/\/www.fibrastorage.com\/\" target=\"_blank\" rel=\"noopener noreferrer\">FIBRA Storage<\/a><\/span><strong>\u00a0autoriz\u00f3 la adici\u00f3n de cinco nuevas propiedades a su portafolio<\/strong>.<\/p>\n<p>Fue apenas en agosto pasado cuando este fideicomiso inici\u00f3 operaciones en la <span style=\"color: #ff6600;\"><a style=\"color: #ff6600;\" href=\"https:\/\/www.bmv.com.mx\/\" target=\"_blank\" rel=\"noopener noreferrer\">Bolsa Mexicana de Valores<\/a><\/span> (BMV) a trav\u00e9s de la colocaci\u00f3n de Certificados Burs\u00e1tiles Fiduciarios Inmobiliarios (CBFIs) por alrededor de $270, 861,000 pesos, menos de un a\u00f1o despu\u00e9s, incrementa sus bienes, dejando atr\u00e1s los 14 iniciales y llegando a la cifra de\u00a0<strong>21 inmuebles para desarrollar y operar en el mercado del auto-almacenaje.<\/strong><span id=\"more-3082\"><\/span><\/p>\n<p>La inversi\u00f3n para adquirir los inmuebles, asciende a $1\u2019227,119,986.00 pesos, asimismo, FIBRA Storage suma la noticia de una nueva colocaci\u00f3n de CBFIs por $286\u2019919,910.00 pesos y\u00a0<strong>la llegada de dos importantes inversionistas de capital a trav\u00e9s de sus entidades financieras: Sam Zell y su colega Tom Heneghan<\/strong>.<\/p>\n<p>Con la firme intenci\u00f3n de continuar con el crecimiento que ha experimentado desde sus inicios y sin perder el objetivo de continuar abriendo mercados, la integraci\u00f3n de Sam Zell y Tom Heneghan aparece como una confirmaci\u00f3n de que la ruta trazada es la correcta: \u201c<em>Esta inversi\u00f3n representa otra oportunidad para participar con socios sobresalientes en este atractivo segmento del mercado. Vemos un gran potencial en FIBRA Storage dada su posici\u00f3n l\u00edder en el mercado y su s\u00f3lido equipo de administraci\u00f3n<\/em>\u201d coment\u00f3 Tom Heneghan.<\/p>\n<p>Pionera en la creaci\u00f3n de una nueva cultura del almacenaje y la log\u00edstica para las familias y las PyMES, FIBRA Storage sigue abriendo mercado por medio de una oferta que busca cubrir la cada vez mayor\u00a0<strong>necesidad de espacio en las ciudades mexicanas<\/strong>\u00a0y logra integrar un portafolio de\u00a0<strong>21 propiedades, 13 de las cuales ya est\u00e1n en operaci\u00f3n, 3 en construcci\u00f3n y 5 son terrenos en desarrollo<\/strong>.<\/p>\n<p><img loading=\"lazy\" decoding=\"async\" class=\"aligncenter wp-image-2013 size-full\" title=\"u-storage-universidad\" src=\"https:\/\/u-storage.com.mx\/blog\/wp-content\/uploads\/2018\/02\/U-Storage-Universidad.png\" alt=\"U-Storage Universidad\" width=\"800\" height=\"533\" srcset=\"https:\/\/u-storage.com.mx\/blog\/wp-content\/uploads\/2018\/02\/U-Storage-Universidad.png 800w, https:\/\/u-storage.com.mx\/blog\/wp-content\/uploads\/2018\/02\/U-Storage-Universidad-300x200.png 300w, https:\/\/u-storage.com.mx\/blog\/wp-content\/uploads\/2018\/02\/U-Storage-Universidad-600x400.png 600w, https:\/\/u-storage.com.mx\/blog\/wp-content\/uploads\/2018\/02\/U-Storage-Universidad-768x512.png 768w\" sizes=\"(max-width: 800px) 100vw, 800px\" \/><\/p>\n<p>Y es que, desde sus inicios en 2002, el modelo de negocio de\u00a0U-Storage\u00a0se ha distinguido por una constante necesidad de abrirse camino redefiniendo un concepto que hab\u00eda ca\u00eddo en la incertidumbre y el descuido.<\/p>\n<p>La forma que propone es concebir el almacenamiento como \u201c<strong><em>una extensi\u00f3n de la casa y oficina<\/em><\/strong>\u201d\u00ae, de ah\u00ed que la estrategia de crecimiento para este fideicomiso siempre haya sido la de priorizar\u00a0<strong>ubicaci\u00f3n y tipo de terreno en el que invierte<\/strong>. Enfocando la mirada en ciudades con m\u00e1s de 1 mill\u00f3n de habitantes, actualmente cuenta con alrededor de\u00a0<strong>12 mil minibodegas<\/strong>\u00a0de distintos tama\u00f1os que ofrecen un potencial de desarrollo de\u00a0<strong>155 mil metros cuadrados<\/strong>\u00a0para almacenar y las cuales se encuentran en servicio las 24 horas del d\u00eda durante todo el a\u00f1o.<\/p>\n<p>Para los integrantes de FIBRA Storage, la<strong>\u00a0inyecci\u00f3n de capital brinda confianza<\/strong>\u00a0y puede contribuir de manera importante a generar nuevas oportunidades que se traduzcan en alianzas de valor:\u00a0<em>\u201cNos complace haber concluido de manera exitosa esta colocaci\u00f3n de CBFIs, as\u00ed como contar con la participaci\u00f3n de nuevos inversionistas. Esperamos poder aprovechar la gran experiencia en bienes ra\u00edces y minibodegas de Sam Zell y Tom Heneghan, y estamos particularmente orgullosos de sumarlos como nuevos inversionistas de la Compa\u00f1\u00eda. Creemos que su llegada agregar\u00e1 gran valor y contribuir\u00e1 a consolidar la estrategia de inversi\u00f3n a largo plazo de Fibra Storage fortaleciendo nuestra posici\u00f3n de liderazgo en el mercado<\/em>\u201d, apunt\u00f3 Diego Isita, Director General de Fibra Storage.<\/p>\n<p>Las expectativas de crecimiento son realistas y positivas, la forma en que las ciudades del siglo XXI se desarrollan apunta a que tanto viviendas como oficinas ser\u00e1n cada vez m\u00e1s peque\u00f1as provocando que las personas requieran de espacio extra para almacenar sus pertenencias y ah\u00ed es justamente donde se inserta la generaci\u00f3n de oferta en la que trabaja FIBRA Storage.<\/p>\n<p><img loading=\"lazy\" decoding=\"async\" class=\"aligncenter size-full wp-image-2626\" src=\"https:\/\/u-storage.com.mx\/blog\/wp-content\/uploads\/2018\/11\/almacenamiento-prolongado-02.jpg\" alt=\"\" width=\"800\" height=\"438\" srcset=\"https:\/\/u-storage.com.mx\/blog\/wp-content\/uploads\/2018\/11\/almacenamiento-prolongado-02.jpg 800w, https:\/\/u-storage.com.mx\/blog\/wp-content\/uploads\/2018\/11\/almacenamiento-prolongado-02-300x164.jpg 300w, https:\/\/u-storage.com.mx\/blog\/wp-content\/uploads\/2018\/11\/almacenamiento-prolongado-02-600x329.jpg 600w, https:\/\/u-storage.com.mx\/blog\/wp-content\/uploads\/2018\/11\/almacenamiento-prolongado-02-768x420.jpg 768w\" sizes=\"(max-width: 800px) 100vw, 800px\" \/><\/p>\n<p>Con casi 20 a\u00f1os revitalizando un mercado, la trayectoria de FIBRA Storage le ha permitido consolidarse como un<strong>\u00a0actor confiable\u00a0<\/strong>que cuenta con un exitoso e innovador modelo de negocio que lo coloca a la cabeza de un sector que a\u00fan tiene mucho que aportar dentro de la econom\u00eda mexicana y cuya historia est\u00e1 contribuyendo a escribir.<\/p>\n<p>Con el listado realizado en agosto del a\u00f1o pasado por FIBRA Storage, identificado en la Bolsa de M\u00e9xico, como STORAGE 18,\u00a0<strong>se invita al p\u00fablico inversionista para que participe<\/strong>\u00a0en este modelo de negocio mediante la aportaci\u00f3n de inmuebles (terrenos) y\/o mediante la adquisici\u00f3n de los CBFIs en un sector que va en crecimiento y que es una constante en el mercado inmobiliario, esto nos ha permitido posicionar a la marca \u201c<em>U-Storage<\/em>\u00ae\u201d como la l\u00edder en el mercado, siendo la empresa m\u00e1s grande en el mercado de auto-almacenaje en M\u00e9xico.<\/p>\n<p><strong>Contenido <\/strong><span style=\"color: #ff6600;\"><a style=\"color: #ff6600;\" href=\"https:\/\/blog.bmv.com.mx\/2019\/06\/18\/fibra-storage-suma-inversiones-y-bienes-al-iniciar-el-segundo-semestre-de-2019\/\" target=\"_blank\" rel=\"noopener noreferrer\">Publicado Originalmente en el Blog<\/a><\/span><strong> &#8220;Hablemos de Bolsa&#8221;.<\/strong><\/p>\n<p>&nbsp;<\/p>\n","protected":false},"excerpt":{"rendered":"<p>Considerado el primer Fideicomiso de Inversi\u00f3n y Bienes Ra\u00edces enfocado en el negocio inmobiliario del auto-almacenaje, en d\u00edas recientes, FIBRA Storage\u00a0autoriz\u00f3 la adici\u00f3n de cinco nuevas propiedades a su portafolio. &#8230; <\/p>\n<p class=\"read-more-container\"><a title=\"FIBRA Storage Suma Inversiones y Bienes al Iniciar el 2\u00ba Semestre de 2019\" class=\"read-more button\" href=\"https:\/\/u-storage.com.mx\/blog\/fibra-storage-suma-inversiones\/#more-3644\" aria-label=\"Leer m\u00e1s sobre FIBRA Storage Suma Inversiones y Bienes al Iniciar el 2\u00ba Semestre de 2019\">Leer m\u00e1s<\/a><\/p>\n","protected":false},"author":3,"featured_media":2554,"comment_status":"closed","ping_status":"closed","sticky":false,"template":"","format":"standard","meta":{"footnotes":""},"categories":[29],"tags":[216,106,217],"yoast_head":"<!-- This site is optimized with the Yoast SEO plugin v24.5 - https:\/\/yoast.com\/wordpress\/plugins\/seo\/ -->\n<title>FIBRA Storage Suma Inversiones en 2\u00ba Semestre de 2019 | Blog U-Storage<\/title>\n<meta name=\"description\" content=\"El Fideicomiso de Inversi\u00f3n y Bienes Ra\u00edces enfocado en el negocio inmobiliario del auto-almacenaje, FIBRA Storage, suma propiedades a su portafolio\" \/>\n<meta name=\"robots\" content=\"index, follow, max-snippet:-1, max-image-preview:large, max-video-preview:-1\" \/>\n<link rel=\"canonical\" href=\"https:\/\/u-storage.com.mx\/blog\/fibra-storage-suma-inversiones\/\" \/>\n<meta property=\"og:locale\" content=\"es_MX\" \/>\n<meta property=\"og:type\" content=\"article\" \/>\n<meta property=\"og:title\" content=\"FIBRA Storage Suma Inversiones en 2\u00ba Semestre de 2019 | Blog U-Storage\" \/>\n<meta property=\"og:description\" content=\"El Fideicomiso de Inversi\u00f3n y Bienes Ra\u00edces enfocado en el negocio inmobiliario del auto-almacenaje, FIBRA Storage, suma propiedades a su portafolio\" \/>\n<meta property=\"og:url\" content=\"https:\/\/u-storage.com.mx\/blog\/fibra-storage-suma-inversiones\/\" \/>\n<meta property=\"og:site_name\" content=\"Blog U-Storage\" \/>\n<meta property=\"article:publisher\" content=\"https:\/\/www.facebook.com\/ustorage\" \/>\n<meta property=\"article:published_time\" content=\"2019-06-20T17:25:39+00:00\" \/>\n<meta property=\"article:modified_time\" content=\"2023-11-22T23:13:52+00:00\" \/>\n<meta property=\"og:image\" content=\"https:\/\/u-storage.com.mx\/blog\/wp-content\/uploads\/2018\/09\/Sucursal-DelValle4.jpg\" \/>\n\t<meta property=\"og:image:width\" content=\"1200\" \/>\n\t<meta property=\"og:image:height\" content=\"650\" \/>\n\t<meta property=\"og:image:type\" content=\"image\/jpeg\" \/>\n<meta name=\"author\" content=\"Team U-Storage\" \/>\n<meta name=\"twitter:card\" content=\"summary_large_image\" \/>\n<meta name=\"twitter:creator\" content=\"@ustoragemx\" \/>\n<meta name=\"twitter:site\" content=\"@ustoragemx\" \/>\n<meta name=\"twitter:label1\" content=\"Escrito por\" \/>\n\t<meta name=\"twitter:data1\" content=\"Team U-Storage\" \/>\n\t<meta name=\"twitter:label2\" content=\"Tiempo de lectura\" \/>\n\t<meta name=\"twitter:data2\" content=\"4 minutos\" \/>\n<script type=\"application\/ld+json\" class=\"yoast-schema-graph\">{\"@context\":\"https:\/\/schema.org\",\"@graph\":[{\"@type\":\"Article\",\"@id\":\"https:\/\/u-storage.com.mx\/blog\/fibra-storage-suma-inversiones\/#article\",\"isPartOf\":{\"@id\":\"https:\/\/u-storage.com.mx\/blog\/fibra-storage-suma-inversiones\/\"},\"author\":{\"name\":\"Team U-Storage\",\"@id\":\"https:\/\/u-storage.com.mx\/blog\/#\/schema\/person\/608a120f11c54916febcf163a2727989\"},\"headline\":\"FIBRA Storage Suma Inversiones y Bienes al Iniciar el 2\u00ba Semestre de 2019\",\"datePublished\":\"2019-06-20T17:25:39+00:00\",\"dateModified\":\"2023-11-22T23:13:52+00:00\",\"mainEntityOfPage\":{\"@id\":\"https:\/\/u-storage.com.mx\/blog\/fibra-storage-suma-inversiones\/\"},\"wordCount\":806,\"publisher\":{\"@id\":\"https:\/\/u-storage.com.mx\/blog\/#organization\"},\"image\":{\"@id\":\"https:\/\/u-storage.com.mx\/blog\/fibra-storage-suma-inversiones\/#primaryimage\"},\"thumbnailUrl\":\"https:\/\/u-storage.com.mx\/blog\/wp-content\/uploads\/2018\/09\/Sucursal-DelValle4.jpg\",\"keywords\":[\"BolsaMX\",\"finanzas\",\"inversi\u00f3n\"],\"articleSection\":[\"Cultura\"],\"inLanguage\":\"es\"},{\"@type\":\"WebPage\",\"@id\":\"https:\/\/u-storage.com.mx\/blog\/fibra-storage-suma-inversiones\/\",\"url\":\"https:\/\/u-storage.com.mx\/blog\/fibra-storage-suma-inversiones\/\",\"name\":\"FIBRA Storage Suma Inversiones en 2\u00ba Semestre de 2019 | Blog U-Storage\",\"isPartOf\":{\"@id\":\"https:\/\/u-storage.com.mx\/blog\/#website\"},\"primaryImageOfPage\":{\"@id\":\"https:\/\/u-storage.com.mx\/blog\/fibra-storage-suma-inversiones\/#primaryimage\"},\"image\":{\"@id\":\"https:\/\/u-storage.com.mx\/blog\/fibra-storage-suma-inversiones\/#primaryimage\"},\"thumbnailUrl\":\"https:\/\/u-storage.com.mx\/blog\/wp-content\/uploads\/2018\/09\/Sucursal-DelValle4.jpg\",\"datePublished\":\"2019-06-20T17:25:39+00:00\",\"dateModified\":\"2023-11-22T23:13:52+00:00\",\"description\":\"El Fideicomiso de Inversi\u00f3n y Bienes Ra\u00edces enfocado en el negocio inmobiliario del auto-almacenaje, FIBRA Storage, suma propiedades a su portafolio\",\"inLanguage\":\"es\",\"potentialAction\":[{\"@type\":\"ReadAction\",\"target\":[\"https:\/\/u-storage.com.mx\/blog\/fibra-storage-suma-inversiones\/\"]}]},{\"@type\":\"ImageObject\",\"inLanguage\":\"es\",\"@id\":\"https:\/\/u-storage.com.mx\/blog\/fibra-storage-suma-inversiones\/#primaryimage\",\"url\":\"https:\/\/u-storage.com.mx\/blog\/wp-content\/uploads\/2018\/09\/Sucursal-DelValle4.jpg\",\"contentUrl\":\"https:\/\/u-storage.com.mx\/blog\/wp-content\/uploads\/2018\/09\/Sucursal-DelValle4.jpg\",\"width\":1200,\"height\":650},{\"@type\":\"WebSite\",\"@id\":\"https:\/\/u-storage.com.mx\/blog\/#website\",\"url\":\"https:\/\/u-storage.com.mx\/blog\/\",\"name\":\"Blog U-Storage\",\"description\":\"Aqu\u00ed encontrar\u00e1s informaci\u00f3n \u00fatil para tu vida, tus espacios actuales... y hasta c\u00f3mo aprovechar los nuevos!\",\"publisher\":{\"@id\":\"https:\/\/u-storage.com.mx\/blog\/#organization\"},\"potentialAction\":[{\"@type\":\"SearchAction\",\"target\":{\"@type\":\"EntryPoint\",\"urlTemplate\":\"https:\/\/u-storage.com.mx\/blog\/?s={search_term_string}\"},\"query-input\":{\"@type\":\"PropertyValueSpecification\",\"valueRequired\":true,\"valueName\":\"search_term_string\"}}],\"inLanguage\":\"es\"},{\"@type\":\"Organization\",\"@id\":\"https:\/\/u-storage.com.mx\/blog\/#organization\",\"name\":\"Blog U-Storage\",\"url\":\"https:\/\/u-storage.com.mx\/blog\/\",\"logo\":{\"@type\":\"ImageObject\",\"inLanguage\":\"es\",\"@id\":\"https:\/\/u-storage.com.mx\/blog\/#\/schema\/logo\/image\/\",\"url\":\"https:\/\/u-storage.com.mx\/blog\/wp-content\/uploads\/2024\/03\/BlogStorage-Logo.png\",\"contentUrl\":\"https:\/\/u-storage.com.mx\/blog\/wp-content\/uploads\/2024\/03\/BlogStorage-Logo.png\",\"width\":350,\"height\":73,\"caption\":\"Blog U-Storage\"},\"image\":{\"@id\":\"https:\/\/u-storage.com.mx\/blog\/#\/schema\/logo\/image\/\"},\"sameAs\":[\"https:\/\/www.facebook.com\/ustorage\",\"https:\/\/x.com\/ustoragemx\"]},{\"@type\":\"Person\",\"@id\":\"https:\/\/u-storage.com.mx\/blog\/#\/schema\/person\/608a120f11c54916febcf163a2727989\",\"name\":\"Team U-Storage\",\"image\":{\"@type\":\"ImageObject\",\"inLanguage\":\"es\",\"@id\":\"https:\/\/u-storage.com.mx\/blog\/#\/schema\/person\/image\/\",\"url\":\"https:\/\/secure.gravatar.com\/avatar\/1d7ac809a8e374c7bab9b5a189fae36b?s=96&d=mm&r=g\",\"contentUrl\":\"https:\/\/secure.gravatar.com\/avatar\/1d7ac809a8e374c7bab9b5a189fae36b?s=96&d=mm&r=g\",\"caption\":\"Team U-Storage\"},\"url\":\"https:\/\/u-storage.com.mx\/blog\/author\/ustorage\/\"}]}<\/script>\n<!-- \/ Yoast SEO plugin. -->","yoast_head_json":{"title":"FIBRA Storage Suma Inversiones en 2\u00ba Semestre de 2019 | Blog U-Storage","description":"El Fideicomiso de Inversi\u00f3n y Bienes Ra\u00edces enfocado en el negocio inmobiliario del auto-almacenaje, FIBRA Storage, suma propiedades a su portafolio","robots":{"index":"index","follow":"follow","max-snippet":"max-snippet:-1","max-image-preview":"max-image-preview:large","max-video-preview":"max-video-preview:-1"},"canonical":"https:\/\/u-storage.com.mx\/blog\/fibra-storage-suma-inversiones\/","og_locale":"es_MX","og_type":"article","og_title":"FIBRA Storage Suma Inversiones en 2\u00ba Semestre de 2019 | Blog U-Storage","og_description":"El Fideicomiso de Inversi\u00f3n y Bienes Ra\u00edces enfocado en el negocio inmobiliario del auto-almacenaje, FIBRA Storage, suma propiedades a su portafolio","og_url":"https:\/\/u-storage.com.mx\/blog\/fibra-storage-suma-inversiones\/","og_site_name":"Blog U-Storage","article_publisher":"https:\/\/www.facebook.com\/ustorage","article_published_time":"2019-06-20T17:25:39+00:00","article_modified_time":"2023-11-22T23:13:52+00:00","og_image":[{"width":1200,"height":650,"url":"https:\/\/u-storage.com.mx\/blog\/wp-content\/uploads\/2018\/09\/Sucursal-DelValle4.jpg","type":"image\/jpeg"}],"author":"Team U-Storage","twitter_card":"summary_large_image","twitter_creator":"@ustoragemx","twitter_site":"@ustoragemx","twitter_misc":{"Escrito por":"Team U-Storage","Tiempo de lectura":"4 minutos"},"schema":{"@context":"https:\/\/schema.org","@graph":[{"@type":"Article","@id":"https:\/\/u-storage.com.mx\/blog\/fibra-storage-suma-inversiones\/#article","isPartOf":{"@id":"https:\/\/u-storage.com.mx\/blog\/fibra-storage-suma-inversiones\/"},"author":{"name":"Team U-Storage","@id":"https:\/\/u-storage.com.mx\/blog\/#\/schema\/person\/608a120f11c54916febcf163a2727989"},"headline":"FIBRA Storage Suma Inversiones y Bienes al Iniciar el 2\u00ba Semestre de 2019","datePublished":"2019-06-20T17:25:39+00:00","dateModified":"2023-11-22T23:13:52+00:00","mainEntityOfPage":{"@id":"https:\/\/u-storage.com.mx\/blog\/fibra-storage-suma-inversiones\/"},"wordCount":806,"publisher":{"@id":"https:\/\/u-storage.com.mx\/blog\/#organization"},"image":{"@id":"https:\/\/u-storage.com.mx\/blog\/fibra-storage-suma-inversiones\/#primaryimage"},"thumbnailUrl":"https:\/\/u-storage.com.mx\/blog\/wp-content\/uploads\/2018\/09\/Sucursal-DelValle4.jpg","keywords":["BolsaMX","finanzas","inversi\u00f3n"],"articleSection":["Cultura"],"inLanguage":"es"},{"@type":"WebPage","@id":"https:\/\/u-storage.com.mx\/blog\/fibra-storage-suma-inversiones\/","url":"https:\/\/u-storage.com.mx\/blog\/fibra-storage-suma-inversiones\/","name":"FIBRA Storage Suma Inversiones en 2\u00ba Semestre de 2019 | Blog U-Storage","isPartOf":{"@id":"https:\/\/u-storage.com.mx\/blog\/#website"},"primaryImageOfPage":{"@id":"https:\/\/u-storage.com.mx\/blog\/fibra-storage-suma-inversiones\/#primaryimage"},"image":{"@id":"https:\/\/u-storage.com.mx\/blog\/fibra-storage-suma-inversiones\/#primaryimage"},"thumbnailUrl":"https:\/\/u-storage.com.mx\/blog\/wp-content\/uploads\/2018\/09\/Sucursal-DelValle4.jpg","datePublished":"2019-06-20T17:25:39+00:00","dateModified":"2023-11-22T23:13:52+00:00","description":"El Fideicomiso de Inversi\u00f3n y Bienes Ra\u00edces enfocado en el negocio inmobiliario del auto-almacenaje, FIBRA Storage, suma propiedades a su portafolio","inLanguage":"es","potentialAction":[{"@type":"ReadAction","target":["https:\/\/u-storage.com.mx\/blog\/fibra-storage-suma-inversiones\/"]}]},{"@type":"ImageObject","inLanguage":"es","@id":"https:\/\/u-storage.com.mx\/blog\/fibra-storage-suma-inversiones\/#primaryimage","url":"https:\/\/u-storage.com.mx\/blog\/wp-content\/uploads\/2018\/09\/Sucursal-DelValle4.jpg","contentUrl":"https:\/\/u-storage.com.mx\/blog\/wp-content\/uploads\/2018\/09\/Sucursal-DelValle4.jpg","width":1200,"height":650},{"@type":"WebSite","@id":"https:\/\/u-storage.com.mx\/blog\/#website","url":"https:\/\/u-storage.com.mx\/blog\/","name":"Blog U-Storage","description":"Aqu\u00ed encontrar\u00e1s informaci\u00f3n \u00fatil para tu vida, tus espacios actuales... y hasta c\u00f3mo aprovechar los nuevos!","publisher":{"@id":"https:\/\/u-storage.com.mx\/blog\/#organization"},"potentialAction":[{"@type":"SearchAction","target":{"@type":"EntryPoint","urlTemplate":"https:\/\/u-storage.com.mx\/blog\/?s={search_term_string}"},"query-input":{"@type":"PropertyValueSpecification","valueRequired":true,"valueName":"search_term_string"}}],"inLanguage":"es"},{"@type":"Organization","@id":"https:\/\/u-storage.com.mx\/blog\/#organization","name":"Blog U-Storage","url":"https:\/\/u-storage.com.mx\/blog\/","logo":{"@type":"ImageObject","inLanguage":"es","@id":"https:\/\/u-storage.com.mx\/blog\/#\/schema\/logo\/image\/","url":"https:\/\/u-storage.com.mx\/blog\/wp-content\/uploads\/2024\/03\/BlogStorage-Logo.png","contentUrl":"https:\/\/u-storage.com.mx\/blog\/wp-content\/uploads\/2024\/03\/BlogStorage-Logo.png","width":350,"height":73,"caption":"Blog U-Storage"},"image":{"@id":"https:\/\/u-storage.com.mx\/blog\/#\/schema\/logo\/image\/"},"sameAs":["https:\/\/www.facebook.com\/ustorage","https:\/\/x.com\/ustoragemx"]},{"@type":"Person","@id":"https:\/\/u-storage.com.mx\/blog\/#\/schema\/person\/608a120f11c54916febcf163a2727989","name":"Team U-Storage","image":{"@type":"ImageObject","inLanguage":"es","@id":"https:\/\/u-storage.com.mx\/blog\/#\/schema\/person\/image\/","url":"https:\/\/secure.gravatar.com\/avatar\/1d7ac809a8e374c7bab9b5a189fae36b?s=96&d=mm&r=g","contentUrl":"https:\/\/secure.gravatar.com\/avatar\/1d7ac809a8e374c7bab9b5a189fae36b?s=96&d=mm&r=g","caption":"Team U-Storage"},"url":"https:\/\/u-storage.com.mx\/blog\/author\/ustorage\/"}]}},"_links":{"self":[{"href":"https:\/\/u-storage.com.mx\/blog\/wp-json\/wp\/v2\/posts\/3644"}],"collection":[{"href":"https:\/\/u-storage.com.mx\/blog\/wp-json\/wp\/v2\/posts"}],"about":[{"href":"https:\/\/u-storage.com.mx\/blog\/wp-json\/wp\/v2\/types\/post"}],"author":[{"embeddable":true,"href":"https:\/\/u-storage.com.mx\/blog\/wp-json\/wp\/v2\/users\/3"}],"replies":[{"embeddable":true,"href":"https:\/\/u-storage.com.mx\/blog\/wp-json\/wp\/v2\/comments?post=3644"}],"version-history":[{"count":2,"href":"https:\/\/u-storage.com.mx\/blog\/wp-json\/wp\/v2\/posts\/3644\/revisions"}],"predecessor-version":[{"id":8457,"href":"https:\/\/u-storage.com.mx\/blog\/wp-json\/wp\/v2\/posts\/3644\/revisions\/8457"}],"wp:featuredmedia":[{"embeddable":true,"href":"https:\/\/u-storage.com.mx\/blog\/wp-json\/wp\/v2\/media\/2554"}],"wp:attachment":[{"href":"https:\/\/u-storage.com.mx\/blog\/wp-json\/wp\/v2\/media?parent=3644"}],"wp:term":[{"taxonomy":"category","embeddable":true,"href":"https:\/\/u-storage.com.mx\/blog\/wp-json\/wp\/v2\/categories?post=3644"},{"taxonomy":"post_tag","embeddable":true,"href":"https:\/\/u-storage.com.mx\/blog\/wp-json\/wp\/v2\/tags?post=3644"}],"curies":[{"name":"wp","href":"https:\/\/api.w.org\/{rel}","templated":true}]}}