{"id":4419,"date":"2020-04-27T10:08:48","date_gmt":"2020-04-27T15:08:48","guid":{"rendered":"https:\/\/u-storage.com.mx\/blog\/?p=4419"},"modified":"2023-10-23T11:09:29","modified_gmt":"2023-10-23T17:09:29","slug":"la-incertidumbre-en-tiempos-del-coronavirus","status":"publish","type":"post","link":"https:\/\/u-storage.com.mx\/blog\/la-incertidumbre-en-tiempos-del-coronavirus\/","title":{"rendered":"La Incertidumbre en Tiempos del Coronavirus"},"content":{"rendered":"<p><strong>La pandemia de la COVID-19 contin\u00faa impactando de manera contundente la forma en como vivimos nuestro presente, pero, \u00bfqu\u00e9 suceder\u00e1 en el futuro? \u00bfEs verdad que la vida no volver\u00e1 a ser como la conocimos hasta hace tan s\u00f3lo unos meses? \u00bfCu\u00e1nto tiempo m\u00e1s durar\u00e1 est\u00e1 situaci\u00f3n? Hoy queremos hablar sobre la gran incertidumbre que nos causan estos tiempos de coronavirus.<\/strong><\/p>\n<p>En el mundo contempor\u00e1neo, la humanidad ha vivido, vive, situaciones extremas, tristemente las guerras, las hambrunas e incluso las epidemias, son parte de la realidad de millones de personas, sin embargo, <strong>la forma en c\u00f3mo la actual pandemia ha golpeado nuestra realidad es realmente fuerte<\/strong> pues nos ha forzado a cambiar nuestro presente, redefinir nuestra forma de trabajar, comprar, interactuar entre nosotros, amarnos, cuidarnos, generando una serie de sentimientos y reacciones que son dif\u00edciles de procesar.<\/p>\n<p>Uno de estos, es la visualizaci\u00f3n clara de nuestro futuro: <strong>nos sentimos inseguros<\/strong>, llenos de dudas, inquietos&#8230;<\/p>\n<p>Y no es para menos, despu\u00e9s de todo, <strong>la informaci\u00f3n cambia constantemente<\/strong>, las estrategias gubernamentales, parece, mutan en cuesti\u00f3n de d\u00edas, horas.<\/p>\n<p><img loading=\"lazy\" decoding=\"async\" class=\"aligncenter wp-image-4421 size-full\" title=\"incertidumbre-en-tiempos-de-coronavirus\" src=\"https:\/\/u-storage.com.mx\/blog\/wp-content\/uploads\/2019\/02\/incertidumbre-01.jpg\" alt=\"Incertidumbre sobre Coronavirus en M\u00e9xico\" width=\"800\" height=\"462\" srcset=\"https:\/\/u-storage.com.mx\/blog\/wp-content\/uploads\/2019\/02\/incertidumbre-01.jpg 800w, https:\/\/u-storage.com.mx\/blog\/wp-content\/uploads\/2019\/02\/incertidumbre-01-300x173.jpg 300w, https:\/\/u-storage.com.mx\/blog\/wp-content\/uploads\/2019\/02\/incertidumbre-01-600x347.jpg 600w, https:\/\/u-storage.com.mx\/blog\/wp-content\/uploads\/2019\/02\/incertidumbre-01-768x444.jpg 768w\" sizes=\"(max-width: 800px) 100vw, 800px\" \/><\/p>\n<p>Hace poco m\u00e1s de un mes, los mexicanos entramos a la Jornada de Sana Distancia buscando aplanar la curva de expansi\u00f3n, se ten\u00eda previsto que concluyera esta semana, sin embargo, <span style=\"color: #ff6600;\"><a style=\"color: #ff6600;\" href=\"https:\/\/u-storage.com.mx\/blog\/durante-esta-cuarentena-hazlo-tu-mismo\/\">M\u00e9xico, apenas ha entrado en la Fase 3<\/a><\/span> y <strong>quedarnos en casa se hace m\u00e1s necesario que nunca<\/strong>, al menos un mes m\u00e1s ya que el fin del per\u00edodo de aislamiento social se ha marcado, por ahora, para el 30 de mayo, pero, \u00bfser\u00e1 realmente as\u00ed?<\/p>\n<p>Probablemente, si logramos contener los contagios, podamos ir saliendo, poco a poco, algunas actividades podr\u00e1n ser retomadas, pero, <strong>nada ser\u00e1 como era antes<\/strong>, no por mucho tiempo, tal vez nunca.<\/p>\n<p>Y no, no es que seamos pesimistas, ni fatalistas, pero, <strong>esto que estamos viviendo es hist\u00f3rico y como tal debemos asumirlo<\/strong>, comenzar a percibir la realidad en la que vivimos.<\/p>\n<p><strong>No bastar\u00e1 con que nos encerremos un par de meses para solucionar el impacto que este virus causa en la humanidad<\/strong>, el virus no va a desaparecer, estar\u00e1 entre nosotros por siempre, como est\u00e1 el virus de la gripe y tantas otras enfermedades que causan estos y otros peque\u00f1os organismos.<\/p>\n<p>Lo que estamos haciendo al quedarnos en casa en estos momentos es <strong>d\u00e1ndole tiempo<\/strong> a los cient\u00edficos para que conozcan, investiguen, desarrollen tratamientos y vacunas, estamos contribuyendo para que los trabajadores de la salud no den su vida en las siguientes semanas, estamos cuidando a los trabajadores de los supermercados, repartidores, personal de limpieza para que est\u00e9n m\u00e1s seguros mientras realizan estas actividades, sin las cuales, la sociedad no podr\u00eda funcionar.<\/p>\n<p>Pero, s\u00f3lo es el inicio, existen muchas cosas que tendremos que hacer diferentes a partir de ahora. Y, \u00bfsaben qu\u00e9? Est\u00e1 bien, <strong>la forma en que nuestra sociedad se estaba desarrollando tiene grandes \u00e1reas de oportunidad<\/strong>, cosas que necesitan cambiar y, la verdad, no hay mejor momento para hacerlo que en estos tiempos del coronavirus.<\/p>\n<p>&nbsp;<\/p>\n<p><strong><em>Los tiempos del coronavirus, son tiempos inciertos<\/em><\/strong><\/p>\n<p>\u00bfHan visto el video de Cantinflas en tiempos de la COVID-19? Casi estamos seguros de que lo han hecho, pero en caso de que no, por favor, ch\u00e9calo a continuaci\u00f3n.<\/p>\n<p>&nbsp;<\/p>\n<style>.embed-container { position: relative; padding-bottom: 56.25%; height: 0; overflow: hidden; max-width: 100%; } .embed-container iframe, .embed-container object, .embed-container embed { position: absolute; top: 0; left: 0; width: 100%; height: 100%; }<\/style>\n<div class=\"embed-container\"><iframe src=\"https:\/\/www.youtube.com\/embed\/\/a52SLwUYOdY\" frameborder=\"0\" allowfullscreen=\"allowfullscreen\"><\/iframe><\/div>\n<p>&nbsp;<\/p>\n<p>Es un chiste que incluye, por supuesto, <strong>una cr\u00edtica aguda hacia la forma en que pareciera que se est\u00e1n tomando las decisiones<\/strong>, pero la verdad es que no hay mejor manera de ejemplificar el grado de incertidumbre que define el presente.<\/p>\n<p>Acerc\u00e1ndose a los tres millones de personas contagiadas a nivel global, en nuestro pa\u00eds la cifra ronda ya los 15 mil casos confirmados, las muertes son m\u00e1s de mil en nuestro caso y alrededor del mundo esta cifra ya va por las 200 mil. Es terrible, pero, recuerden, hay otra cifra que no podemos dejar de ver: los casos recuperados, que en territorio mexicano ascienden a casi tres mil y alrededor del planeta cerca de 800 mil.<\/p>\n<p><strong>Alrededor de 164 pa\u00edses se encuentran paralizados actualmente<\/strong>, \u00bfcu\u00e1ntos millones de personas hay en casa con sentimientos de incertidumbre por el futuro de tus trabajos, estudios, actividades recreativas? Vaya, ni siquiera sabemos cu\u00e1ndo podremos volver a ir a un restaurante.<\/p>\n<p><img loading=\"lazy\" decoding=\"async\" class=\"aligncenter wp-image-4423 size-full\" src=\"https:\/\/u-storage.com.mx\/blog\/wp-content\/uploads\/2019\/02\/incertidumbre-03.jpg\" alt=\"Coronavirus\" width=\"800\" height=\"450\" \/><\/p>\n<p>Suena un poco banal, pero, es uno de los niveles que con toda seguridad impactar\u00e1 la pandemia del coronavirus, \u00bfc\u00f3mo vacacionaremos? \u00bfcu\u00e1ndo podremos ir a un concierto?, \u00bfhabr\u00e1 maratones?, \u00bfqu\u00e9 hay de los juegos ol\u00edmpicos?<\/p>\n<p><strong>Las preguntas son miles y las respuestas pocas<\/strong>, esto, nos genera hartazgo, enojo, pero no olvidemos inhalar y exhalar.<\/p>\n<p>Si, los gobiernos deben de marcar el camino, pero ellos, tambi\u00e9n, junto con nosotros, est\u00e1n conociendo a la COVID-19 y si bien, cada uno ha trazado su estrategia, y si bien, la Organizaci\u00f3n Mundial de Salud (OMS) ha marcado directrices colaborando con todos para contener el avance de esta enfermedad y <span style=\"color: #ff6600;\"><a style=\"color: #ff6600;\" href=\"https:\/\/www.who.int\/es\/emergencies\/diseases\/novel-coronavirus-2019\/advice-for-public\/q-a-coronaviruses\" target=\"_blank\" rel=\"noopener noreferrer\">difundiendo informaci\u00f3n al p\u00fablico en general<\/a><\/span>, lo cierto es que, falta mucho por averiguar sobre el virus, pero tambi\u00e9n, sobre el impacto a largo plazo que \u00e9ste tendr\u00e1 en nuestra vida.<\/p>\n<p>Recientemente, la Universidad de Harvard, difundi\u00f3 <span style=\"color: #ff6600;\"><a style=\"color: #ff6600;\" href=\"https:\/\/www.hsph.harvard.edu\/news\/hsph-in-the-news\/intermittent-social-distancing-may-be-needed-through-2022-to-manage-covid-19\/\" target=\"_blank\" rel=\"noopener noreferrer\">un estudio donde marca que los per\u00edodos de aislamiento social podr\u00edan continuar hasta el a\u00f1o 2022<\/a><\/span>, por supuesto, no de corrido, pero es inevitable, que el <span style=\"color: #ff6600;\"><a style=\"color: #ff6600;\" href=\"https:\/\/u-storage.com.mx\/blog\/quedate-en-casa-en-tiempos-de-coronavirus\/\">#Qu\u00e9dateEnCasa<\/a><\/span> se vuelva a activar en ciertos momentos durante los pr\u00f3ximos dos a\u00f1os.<\/p>\n<p>Para las personas en riesgo mayor, la poblaci\u00f3n de la tercera edad y los enfermos, el confinamiento formar\u00e1 parte de su realidad de manera m\u00e1s cotidiana, al menos hasta que la vacuna o los tratamientos sean aprobados.<\/p>\n<p>El <strong>uso de cubrebocas<\/strong> se va normalizando a nivel global, es parte ya de nuestra realidad, no vamos a dejarlos atr\u00e1s cuando este per\u00edodo termine, es parte de lo que ha ayudado a Asia a contener la propagaci\u00f3n, as\u00ed que abracemos su uso, seamos responsables y port\u00e9moslos pues es una gran forma de cuidarnos y, sobre todo, cuidar al otro.<\/p>\n<p><img loading=\"lazy\" decoding=\"async\" class=\"aligncenter wp-image-4424 size-full\" src=\"https:\/\/u-storage.com.mx\/blog\/wp-content\/uploads\/2019\/02\/incertidumbre-04.jpg\" alt=\"Cubrebocas\" width=\"800\" height=\"451\" \/><\/p>\n<p>El escenario no es sencillo, dan ganas de salir corriendo, pero no niegues la realidad, tampoco se trata de entrar en p\u00e1nico, pero si, <strong>hay que plantar bien los pies en la tierra que hoy pisamos para comenzar a proyectar nuestro futuro<\/strong>.<\/p>\n<p>Para esto, te dejamos <span style=\"color: #ff6600;\"><a style=\"color: #ff6600;\" href=\"https:\/\/coronavirus.jhu.edu\/map.html\" target=\"_blank\" rel=\"noopener noreferrer\">el portal que la Universidad Johns Hopkins ha habilitado para difundir toda la informaci\u00f3n que se genera respecto a la pandemia<\/a><\/span>, es un sitio realmente bueno que te permitir\u00e1 ampliar tu panorama a partir de informaci\u00f3n ver\u00eddica y confiable.<\/p>\n<p>La incertidumbre seguir\u00e1, el miedo no se ir\u00e1, <span style=\"color: #ff6600;\"><a style=\"color: #ff6600;\" href=\"https:\/\/u-storage.com.mx\/blog\/en-tiempos-de-coronavirus-que-hacer-con-la-ansiedad\/\">la ansiedad tampoco<\/a><\/span>, pero visualizando de manera informada y consciente nuestro presente nos permitir\u00e1 hacer frente a estos sentimientos, sabremos como conducirnos y no caeremos en comportamientos da\u00f1inos para nosotros y para los que nos rodean.<\/p>\n<p>&nbsp;<\/p>\n<p><strong><em>Buscar lo positivo siempre, incluso en la incertidumbre<\/em><\/strong><\/p>\n<p>Si, sin duda, son tiempos bien complicados, pero <strong>no podemos dejar arrastrarnos por la vor\u00e1gine de terribles noticias que se van dando<\/strong>, no podemos, tampoco, comportarnos mal o ser ego\u00edstas. Si da mucho miedo, incluso ir al supermercado da miedo.<\/p>\n<p>No nos queremos contagiar, claro, pero eso no excusa que tratemos mal a las personas que trabajan en el sector salud, tenemos que estar sumamente agradecidos con ellos.<\/p>\n<p><img loading=\"lazy\" decoding=\"async\" class=\"aligncenter wp-image-4422 size-full\" src=\"https:\/\/u-storage.com.mx\/blog\/wp-content\/uploads\/2019\/02\/incertidumbre-02.jpg\" alt=\"#Qu\u00e9dateEnCasa\" width=\"800\" height=\"480\" srcset=\"https:\/\/u-storage.com.mx\/blog\/wp-content\/uploads\/2019\/02\/incertidumbre-02.jpg 800w, https:\/\/u-storage.com.mx\/blog\/wp-content\/uploads\/2019\/02\/incertidumbre-02-300x180.jpg 300w, https:\/\/u-storage.com.mx\/blog\/wp-content\/uploads\/2019\/02\/incertidumbre-02-600x360.jpg 600w, https:\/\/u-storage.com.mx\/blog\/wp-content\/uploads\/2019\/02\/incertidumbre-02-768x461.jpg 768w\" sizes=\"(max-width: 800px) 100vw, 800px\" \/><\/p>\n<p>No podemos dejar de emitir opiniones, pero que est\u00e1s aporten, hay que sumar, no restar, tenemos derecho a criticar pero tambi\u00e9n tenemos la obligaci\u00f3n de contribuir y ser parte de la soluci\u00f3n, \u00bfc\u00f3mo? <strong>Qued\u00e1ndonos en casa<\/strong>, escuchando y cumpliendo con las peticiones gubernamentales, siendo prudentes y cuidadosos cada vez que salgamos, cuidando a los grupos en riesgo ofreci\u00e9ndoles ayuda para hacerles la compra, pagarles algunos servicios, platicando con ellos.<\/p>\n<p>Pareciera que todo va mal, pero no es as\u00ed, basta con mirar el cielo, respirar el aire, \u00bfhan percibido que est\u00e1 m\u00e1s limpio que en comparaci\u00f3n con a\u00f1os anteriores? Quedarse en casa es terrible, pero no s\u00f3lo nos ayuda a nosotros, <strong>tambi\u00e9n le estamos dando un descanso al planeta<\/strong> y vaya que lo necesitaba.<\/p>\n<p>En este espacio, ya hemos hablado mucho sobre el impacto tan negativo para la naturaleza que tiene la forma en que los humanos vivimos y hoy m\u00e1s que nunca se hace patente que tenemos que redefinirla por el bien de cada ser vivo en la Tierra. Ejemplos, hay muchos, \u00bfchecaron que <span style=\"color: #ff6600;\"><a style=\"color: #ff6600;\" href=\"https:\/\/cnnespanol.cnn.com\/video\/acapulco-playas-bioluminiscencia-algas-turismo-guerrero-coronavirus-covid19-perspectivas-mexico\/\" target=\"_blank\" rel=\"noopener noreferrer\">hay bioluminiscencia en las playas de Acapulco<\/a><\/span>?, los avistamientos de ballenas y otros seres acu\u00e1ticos se han vuelto m\u00e1s frecuentes, <strong>animales salvajes han salido de su escondite pues ya no sienten la amenaza latente que representamos<\/strong>. Eso es positivo, eso tenemos que ver y no olvidar una vez que salgamos.<\/p>\n<p>Para contribuir a la labor de comprender nuestra realidad y comenzar a proyectarnos hacia el futuro, les dejamos un enlace de la BBC que muestra, en gr\u00e1ficos, <span style=\"color: #ff6600;\"><a style=\"color: #ff6600;\" href=\"https:\/\/www.bbc.com\/mundo\/noticias-52194942\" target=\"_blank\" rel=\"noopener noreferrer\">la forma en que el mundo ha cambiado desde que la COVID-19 apareci\u00f3<\/a><\/span> pues creemos que es una nota que permite aterrizar y procesar una gran cantidad de informaci\u00f3n.<\/p>\n<p><img loading=\"lazy\" decoding=\"async\" class=\"aligncenter wp-image-4425 size-full\" src=\"https:\/\/u-storage.com.mx\/blog\/wp-content\/uploads\/2019\/02\/incertidumbre-05.jpg\" alt=\"Planeta Limpio\" width=\"800\" height=\"417\" \/><\/p>\n<p><strong>Los tiempos dif\u00edciles nos hacen mejores<\/strong>, o al menos, eso deben de significar si decidimos asumir el reto, no podemos seguir consumiendo en la forma en que lo hac\u00edamos, las industrias no pueden volver a trabajar al ritmo que lo hac\u00edan pues eso da\u00f1a much\u00edsimo nuestro entorno, viajar es fant\u00e1stico pero el turismo tambi\u00e9n es malo si no se hace de una forma consciente, si s\u00f3lo se trata de uno. <strong>Todo es siempre mejor si se hace con responsabilidad y cuidado<\/strong>, el momento de virar, es hoy, hay que trabajar en que nuestra huella aporte y no destruya, a\u00fan m\u00e1s.<\/p>\n<p>La solidaridad es otra de las cosas positivas dentro de este complicado escenario, <strong>hay cientos de muestras de que los seres humanos somos capaces de ponernos en los zapatos del otro<\/strong>, de ayudarlo a sonre\u00edr, a que su carga sea menos pesada. Por ac\u00e1 <span style=\"color: #ff6600;\"><a style=\"color: #ff6600;\" href=\"https:\/\/www.youtube.com\/channel\/UCOe_y6KKvS3PdIfb9q9pGug\" target=\"_blank\" rel=\"noopener noreferrer\">les dejamos Some Good News con John Krasinski<\/a><\/span> un programa que la verdad te saca una sonrisa pues <strong>enfoca su contenido a todo lo bueno que est\u00e1 generando esta crisis<\/strong>, por que hay mucho y no podemos dejar de verlo.<\/p>\n<p><img loading=\"lazy\" decoding=\"async\" class=\"aligncenter wp-image-4426 size-full\" src=\"https:\/\/u-storage.com.mx\/blog\/wp-content\/uploads\/2019\/02\/incertidumbre-06.jpg\" alt=\"Some Good News\" width=\"800\" height=\"491\" \/><\/p>\n<p>Hay pocas certezas, construy\u00e1moslas juntos, <strong>manteng\u00e1monos unidos pese a estar aislados<\/strong>, informados sin abrumarnos, ni torturarnos, en el presente, pero mirando hacia el futuro. No es f\u00e1cil, el reto, en realidad, es gigantesco, esperemos estar a la altura.<\/p>\n<p>&nbsp;<\/p>\n<hr \/>\n<p>&nbsp;<\/p>\n<p>En U-Storage sabemos que son tiempos muy complicados, que a ratos la esperanza se pierde, pero no nos dejemos llevar por el miedo, por las cifras negativas, <strong>veamos lo positivo y busquemos la forma en que podemos contribuir para que todos juntos superemos esto<\/strong>.<\/p>\n<p>&nbsp;<\/p>\n","protected":false},"excerpt":{"rendered":"<p>La pandemia de la COVID-19 contin\u00faa impactando de manera contundente la forma en como vivimos nuestro presente, pero, \u00bfqu\u00e9 suceder\u00e1 en el futuro? \u00bfEs verdad que la vida no volver\u00e1 &#8230; <\/p>\n<p class=\"read-more-container\"><a title=\"La Incertidumbre en Tiempos del Coronavirus\" class=\"read-more button\" href=\"https:\/\/u-storage.com.mx\/blog\/la-incertidumbre-en-tiempos-del-coronavirus\/#more-4419\" aria-label=\"Leer m\u00e1s sobre La Incertidumbre en Tiempos del Coronavirus\">Leer m\u00e1s<\/a><\/p>\n","protected":false},"author":3,"featured_media":4421,"comment_status":"closed","ping_status":"closed","sticky":false,"template":"","format":"standard","meta":{"footnotes":""},"categories":[29],"tags":[87,88,53,165],"yoast_head":"<!-- This site is optimized with the Yoast SEO plugin v24.5 - https:\/\/yoast.com\/wordpress\/plugins\/seo\/ -->\n<title>La Incertidumbre en Tiempos del Coronavirus | Blog U-Storage<\/title>\n<meta name=\"description\" content=\"La pandemia de la COVID-19 contin\u00faa impactando creando incertidumbre en \u00e9stos tiempos, pero, \u00bfQu\u00e9 suceder\u00e1 en el futuro?\" \/>\n<meta name=\"robots\" content=\"index, follow, max-snippet:-1, max-image-preview:large, max-video-preview:-1\" \/>\n<link rel=\"canonical\" href=\"https:\/\/u-storage.com.mx\/blog\/la-incertidumbre-en-tiempos-del-coronavirus\/\" \/>\n<meta property=\"og:locale\" content=\"es_MX\" \/>\n<meta property=\"og:type\" content=\"article\" \/>\n<meta property=\"og:title\" content=\"La Incertidumbre en Tiempos del Coronavirus | Blog U-Storage\" \/>\n<meta property=\"og:description\" content=\"La pandemia de la COVID-19 contin\u00faa impactando creando incertidumbre en \u00e9stos tiempos, pero, \u00bfQu\u00e9 suceder\u00e1 en el futuro?\" \/>\n<meta property=\"og:url\" content=\"https:\/\/u-storage.com.mx\/blog\/la-incertidumbre-en-tiempos-del-coronavirus\/\" \/>\n<meta property=\"og:site_name\" content=\"Blog U-Storage\" \/>\n<meta property=\"article:publisher\" content=\"https:\/\/www.facebook.com\/ustorage\" \/>\n<meta property=\"article:published_time\" content=\"2020-04-27T15:08:48+00:00\" \/>\n<meta property=\"article:modified_time\" content=\"2023-10-23T17:09:29+00:00\" \/>\n<meta property=\"og:image\" content=\"https:\/\/u-storage.com.mx\/blog\/wp-content\/uploads\/2019\/02\/incertidumbre-01.jpg\" \/>\n\t<meta property=\"og:image:width\" content=\"800\" \/>\n\t<meta property=\"og:image:height\" content=\"462\" \/>\n\t<meta property=\"og:image:type\" content=\"image\/jpeg\" \/>\n<meta name=\"author\" content=\"Team U-Storage\" \/>\n<meta name=\"twitter:card\" content=\"summary_large_image\" \/>\n<meta name=\"twitter:creator\" content=\"@ustoragemx\" \/>\n<meta name=\"twitter:site\" content=\"@ustoragemx\" \/>\n<meta name=\"twitter:label1\" content=\"Escrito por\" \/>\n\t<meta name=\"twitter:data1\" content=\"Team U-Storage\" \/>\n\t<meta name=\"twitter:label2\" content=\"Tiempo de lectura\" \/>\n\t<meta name=\"twitter:data2\" content=\"9 minutos\" \/>\n<script type=\"application\/ld+json\" class=\"yoast-schema-graph\">{\"@context\":\"https:\/\/schema.org\",\"@graph\":[{\"@type\":\"Article\",\"@id\":\"https:\/\/u-storage.com.mx\/blog\/la-incertidumbre-en-tiempos-del-coronavirus\/#article\",\"isPartOf\":{\"@id\":\"https:\/\/u-storage.com.mx\/blog\/la-incertidumbre-en-tiempos-del-coronavirus\/\"},\"author\":{\"name\":\"Team U-Storage\",\"@id\":\"https:\/\/u-storage.com.mx\/blog\/#\/schema\/person\/608a120f11c54916febcf163a2727989\"},\"headline\":\"La Incertidumbre en Tiempos del Coronavirus\",\"datePublished\":\"2020-04-27T15:08:48+00:00\",\"dateModified\":\"2023-10-23T17:09:29+00:00\",\"mainEntityOfPage\":{\"@id\":\"https:\/\/u-storage.com.mx\/blog\/la-incertidumbre-en-tiempos-del-coronavirus\/\"},\"wordCount\":1816,\"publisher\":{\"@id\":\"https:\/\/u-storage.com.mx\/blog\/#organization\"},\"image\":{\"@id\":\"https:\/\/u-storage.com.mx\/blog\/la-incertidumbre-en-tiempos-del-coronavirus\/#primaryimage\"},\"thumbnailUrl\":\"https:\/\/u-storage.com.mx\/blog\/wp-content\/uploads\/2019\/02\/incertidumbre-01.jpg\",\"keywords\":[\"coronavirus\",\"COVID-19\",\"lifehacks\",\"mexico\"],\"articleSection\":[\"Cultura\"],\"inLanguage\":\"es\"},{\"@type\":\"WebPage\",\"@id\":\"https:\/\/u-storage.com.mx\/blog\/la-incertidumbre-en-tiempos-del-coronavirus\/\",\"url\":\"https:\/\/u-storage.com.mx\/blog\/la-incertidumbre-en-tiempos-del-coronavirus\/\",\"name\":\"La Incertidumbre en Tiempos del Coronavirus | Blog U-Storage\",\"isPartOf\":{\"@id\":\"https:\/\/u-storage.com.mx\/blog\/#website\"},\"primaryImageOfPage\":{\"@id\":\"https:\/\/u-storage.com.mx\/blog\/la-incertidumbre-en-tiempos-del-coronavirus\/#primaryimage\"},\"image\":{\"@id\":\"https:\/\/u-storage.com.mx\/blog\/la-incertidumbre-en-tiempos-del-coronavirus\/#primaryimage\"},\"thumbnailUrl\":\"https:\/\/u-storage.com.mx\/blog\/wp-content\/uploads\/2019\/02\/incertidumbre-01.jpg\",\"datePublished\":\"2020-04-27T15:08:48+00:00\",\"dateModified\":\"2023-10-23T17:09:29+00:00\",\"description\":\"La pandemia de la COVID-19 contin\u00faa impactando creando incertidumbre en \u00e9stos tiempos, pero, \u00bfQu\u00e9 suceder\u00e1 en el futuro?\",\"inLanguage\":\"es\",\"potentialAction\":[{\"@type\":\"ReadAction\",\"target\":[\"https:\/\/u-storage.com.mx\/blog\/la-incertidumbre-en-tiempos-del-coronavirus\/\"]}]},{\"@type\":\"ImageObject\",\"inLanguage\":\"es\",\"@id\":\"https:\/\/u-storage.com.mx\/blog\/la-incertidumbre-en-tiempos-del-coronavirus\/#primaryimage\",\"url\":\"https:\/\/u-storage.com.mx\/blog\/wp-content\/uploads\/2019\/02\/incertidumbre-01.jpg\",\"contentUrl\":\"https:\/\/u-storage.com.mx\/blog\/wp-content\/uploads\/2019\/02\/incertidumbre-01.jpg\",\"width\":800,\"height\":462,\"caption\":\"Incertidumbre sobre Coronavirus en M\u00e9xico\"},{\"@type\":\"WebSite\",\"@id\":\"https:\/\/u-storage.com.mx\/blog\/#website\",\"url\":\"https:\/\/u-storage.com.mx\/blog\/\",\"name\":\"Blog U-Storage\",\"description\":\"Aqu\u00ed encontrar\u00e1s informaci\u00f3n \u00fatil para tu vida, tus espacios actuales... y hasta c\u00f3mo aprovechar los nuevos!\",\"publisher\":{\"@id\":\"https:\/\/u-storage.com.mx\/blog\/#organization\"},\"potentialAction\":[{\"@type\":\"SearchAction\",\"target\":{\"@type\":\"EntryPoint\",\"urlTemplate\":\"https:\/\/u-storage.com.mx\/blog\/?s={search_term_string}\"},\"query-input\":{\"@type\":\"PropertyValueSpecification\",\"valueRequired\":true,\"valueName\":\"search_term_string\"}}],\"inLanguage\":\"es\"},{\"@type\":\"Organization\",\"@id\":\"https:\/\/u-storage.com.mx\/blog\/#organization\",\"name\":\"Blog U-Storage\",\"url\":\"https:\/\/u-storage.com.mx\/blog\/\",\"logo\":{\"@type\":\"ImageObject\",\"inLanguage\":\"es\",\"@id\":\"https:\/\/u-storage.com.mx\/blog\/#\/schema\/logo\/image\/\",\"url\":\"https:\/\/u-storage.com.mx\/blog\/wp-content\/uploads\/2024\/03\/BlogStorage-Logo.png\",\"contentUrl\":\"https:\/\/u-storage.com.mx\/blog\/wp-content\/uploads\/2024\/03\/BlogStorage-Logo.png\",\"width\":350,\"height\":73,\"caption\":\"Blog U-Storage\"},\"image\":{\"@id\":\"https:\/\/u-storage.com.mx\/blog\/#\/schema\/logo\/image\/\"},\"sameAs\":[\"https:\/\/www.facebook.com\/ustorage\",\"https:\/\/x.com\/ustoragemx\"]},{\"@type\":\"Person\",\"@id\":\"https:\/\/u-storage.com.mx\/blog\/#\/schema\/person\/608a120f11c54916febcf163a2727989\",\"name\":\"Team U-Storage\",\"image\":{\"@type\":\"ImageObject\",\"inLanguage\":\"es\",\"@id\":\"https:\/\/u-storage.com.mx\/blog\/#\/schema\/person\/image\/\",\"url\":\"https:\/\/secure.gravatar.com\/avatar\/1d7ac809a8e374c7bab9b5a189fae36b?s=96&d=mm&r=g\",\"contentUrl\":\"https:\/\/secure.gravatar.com\/avatar\/1d7ac809a8e374c7bab9b5a189fae36b?s=96&d=mm&r=g\",\"caption\":\"Team U-Storage\"},\"url\":\"https:\/\/u-storage.com.mx\/blog\/author\/ustorage\/\"}]}<\/script>\n<!-- \/ Yoast SEO plugin. -->","yoast_head_json":{"title":"La Incertidumbre en Tiempos del Coronavirus | Blog U-Storage","description":"La pandemia de la COVID-19 contin\u00faa impactando creando incertidumbre en \u00e9stos tiempos, pero, \u00bfQu\u00e9 suceder\u00e1 en el futuro?","robots":{"index":"index","follow":"follow","max-snippet":"max-snippet:-1","max-image-preview":"max-image-preview:large","max-video-preview":"max-video-preview:-1"},"canonical":"https:\/\/u-storage.com.mx\/blog\/la-incertidumbre-en-tiempos-del-coronavirus\/","og_locale":"es_MX","og_type":"article","og_title":"La Incertidumbre en Tiempos del Coronavirus | Blog U-Storage","og_description":"La pandemia de la COVID-19 contin\u00faa impactando creando incertidumbre en \u00e9stos tiempos, pero, \u00bfQu\u00e9 suceder\u00e1 en el futuro?","og_url":"https:\/\/u-storage.com.mx\/blog\/la-incertidumbre-en-tiempos-del-coronavirus\/","og_site_name":"Blog U-Storage","article_publisher":"https:\/\/www.facebook.com\/ustorage","article_published_time":"2020-04-27T15:08:48+00:00","article_modified_time":"2023-10-23T17:09:29+00:00","og_image":[{"width":800,"height":462,"url":"https:\/\/u-storage.com.mx\/blog\/wp-content\/uploads\/2019\/02\/incertidumbre-01.jpg","type":"image\/jpeg"}],"author":"Team U-Storage","twitter_card":"summary_large_image","twitter_creator":"@ustoragemx","twitter_site":"@ustoragemx","twitter_misc":{"Escrito por":"Team U-Storage","Tiempo de lectura":"9 minutos"},"schema":{"@context":"https:\/\/schema.org","@graph":[{"@type":"Article","@id":"https:\/\/u-storage.com.mx\/blog\/la-incertidumbre-en-tiempos-del-coronavirus\/#article","isPartOf":{"@id":"https:\/\/u-storage.com.mx\/blog\/la-incertidumbre-en-tiempos-del-coronavirus\/"},"author":{"name":"Team U-Storage","@id":"https:\/\/u-storage.com.mx\/blog\/#\/schema\/person\/608a120f11c54916febcf163a2727989"},"headline":"La Incertidumbre en Tiempos del Coronavirus","datePublished":"2020-04-27T15:08:48+00:00","dateModified":"2023-10-23T17:09:29+00:00","mainEntityOfPage":{"@id":"https:\/\/u-storage.com.mx\/blog\/la-incertidumbre-en-tiempos-del-coronavirus\/"},"wordCount":1816,"publisher":{"@id":"https:\/\/u-storage.com.mx\/blog\/#organization"},"image":{"@id":"https:\/\/u-storage.com.mx\/blog\/la-incertidumbre-en-tiempos-del-coronavirus\/#primaryimage"},"thumbnailUrl":"https:\/\/u-storage.com.mx\/blog\/wp-content\/uploads\/2019\/02\/incertidumbre-01.jpg","keywords":["coronavirus","COVID-19","lifehacks","mexico"],"articleSection":["Cultura"],"inLanguage":"es"},{"@type":"WebPage","@id":"https:\/\/u-storage.com.mx\/blog\/la-incertidumbre-en-tiempos-del-coronavirus\/","url":"https:\/\/u-storage.com.mx\/blog\/la-incertidumbre-en-tiempos-del-coronavirus\/","name":"La Incertidumbre en Tiempos del Coronavirus | Blog U-Storage","isPartOf":{"@id":"https:\/\/u-storage.com.mx\/blog\/#website"},"primaryImageOfPage":{"@id":"https:\/\/u-storage.com.mx\/blog\/la-incertidumbre-en-tiempos-del-coronavirus\/#primaryimage"},"image":{"@id":"https:\/\/u-storage.com.mx\/blog\/la-incertidumbre-en-tiempos-del-coronavirus\/#primaryimage"},"thumbnailUrl":"https:\/\/u-storage.com.mx\/blog\/wp-content\/uploads\/2019\/02\/incertidumbre-01.jpg","datePublished":"2020-04-27T15:08:48+00:00","dateModified":"2023-10-23T17:09:29+00:00","description":"La pandemia de la COVID-19 contin\u00faa impactando creando incertidumbre en \u00e9stos tiempos, pero, \u00bfQu\u00e9 suceder\u00e1 en el futuro?","inLanguage":"es","potentialAction":[{"@type":"ReadAction","target":["https:\/\/u-storage.com.mx\/blog\/la-incertidumbre-en-tiempos-del-coronavirus\/"]}]},{"@type":"ImageObject","inLanguage":"es","@id":"https:\/\/u-storage.com.mx\/blog\/la-incertidumbre-en-tiempos-del-coronavirus\/#primaryimage","url":"https:\/\/u-storage.com.mx\/blog\/wp-content\/uploads\/2019\/02\/incertidumbre-01.jpg","contentUrl":"https:\/\/u-storage.com.mx\/blog\/wp-content\/uploads\/2019\/02\/incertidumbre-01.jpg","width":800,"height":462,"caption":"Incertidumbre sobre Coronavirus en M\u00e9xico"},{"@type":"WebSite","@id":"https:\/\/u-storage.com.mx\/blog\/#website","url":"https:\/\/u-storage.com.mx\/blog\/","name":"Blog U-Storage","description":"Aqu\u00ed encontrar\u00e1s informaci\u00f3n \u00fatil para tu vida, tus espacios actuales... y hasta c\u00f3mo aprovechar los nuevos!","publisher":{"@id":"https:\/\/u-storage.com.mx\/blog\/#organization"},"potentialAction":[{"@type":"SearchAction","target":{"@type":"EntryPoint","urlTemplate":"https:\/\/u-storage.com.mx\/blog\/?s={search_term_string}"},"query-input":{"@type":"PropertyValueSpecification","valueRequired":true,"valueName":"search_term_string"}}],"inLanguage":"es"},{"@type":"Organization","@id":"https:\/\/u-storage.com.mx\/blog\/#organization","name":"Blog U-Storage","url":"https:\/\/u-storage.com.mx\/blog\/","logo":{"@type":"ImageObject","inLanguage":"es","@id":"https:\/\/u-storage.com.mx\/blog\/#\/schema\/logo\/image\/","url":"https:\/\/u-storage.com.mx\/blog\/wp-content\/uploads\/2024\/03\/BlogStorage-Logo.png","contentUrl":"https:\/\/u-storage.com.mx\/blog\/wp-content\/uploads\/2024\/03\/BlogStorage-Logo.png","width":350,"height":73,"caption":"Blog U-Storage"},"image":{"@id":"https:\/\/u-storage.com.mx\/blog\/#\/schema\/logo\/image\/"},"sameAs":["https:\/\/www.facebook.com\/ustorage","https:\/\/x.com\/ustoragemx"]},{"@type":"Person","@id":"https:\/\/u-storage.com.mx\/blog\/#\/schema\/person\/608a120f11c54916febcf163a2727989","name":"Team U-Storage","image":{"@type":"ImageObject","inLanguage":"es","@id":"https:\/\/u-storage.com.mx\/blog\/#\/schema\/person\/image\/","url":"https:\/\/secure.gravatar.com\/avatar\/1d7ac809a8e374c7bab9b5a189fae36b?s=96&d=mm&r=g","contentUrl":"https:\/\/secure.gravatar.com\/avatar\/1d7ac809a8e374c7bab9b5a189fae36b?s=96&d=mm&r=g","caption":"Team U-Storage"},"url":"https:\/\/u-storage.com.mx\/blog\/author\/ustorage\/"}]}},"_links":{"self":[{"href":"https:\/\/u-storage.com.mx\/blog\/wp-json\/wp\/v2\/posts\/4419"}],"collection":[{"href":"https:\/\/u-storage.com.mx\/blog\/wp-json\/wp\/v2\/posts"}],"about":[{"href":"https:\/\/u-storage.com.mx\/blog\/wp-json\/wp\/v2\/types\/post"}],"author":[{"embeddable":true,"href":"https:\/\/u-storage.com.mx\/blog\/wp-json\/wp\/v2\/users\/3"}],"replies":[{"embeddable":true,"href":"https:\/\/u-storage.com.mx\/blog\/wp-json\/wp\/v2\/comments?post=4419"}],"version-history":[{"count":2,"href":"https:\/\/u-storage.com.mx\/blog\/wp-json\/wp\/v2\/posts\/4419\/revisions"}],"predecessor-version":[{"id":8346,"href":"https:\/\/u-storage.com.mx\/blog\/wp-json\/wp\/v2\/posts\/4419\/revisions\/8346"}],"wp:featuredmedia":[{"embeddable":true,"href":"https:\/\/u-storage.com.mx\/blog\/wp-json\/wp\/v2\/media\/4421"}],"wp:attachment":[{"href":"https:\/\/u-storage.com.mx\/blog\/wp-json\/wp\/v2\/media?parent=4419"}],"wp:term":[{"taxonomy":"category","embeddable":true,"href":"https:\/\/u-storage.com.mx\/blog\/wp-json\/wp\/v2\/categories?post=4419"},{"taxonomy":"post_tag","embeddable":true,"href":"https:\/\/u-storage.com.mx\/blog\/wp-json\/wp\/v2\/tags?post=4419"}],"curies":[{"name":"wp","href":"https:\/\/api.w.org\/{rel}","templated":true}]}}