{"id":4627,"date":"2020-07-06T11:13:34","date_gmt":"2020-07-06T16:13:34","guid":{"rendered":"https:\/\/u-storage.com.mx\/blog\/?p=4627"},"modified":"2023-10-19T13:17:05","modified_gmt":"2023-10-19T19:17:05","slug":"dia-mundial-de-la-poblacion-2020","status":"publish","type":"post","link":"https:\/\/u-storage.com.mx\/blog\/dia-mundial-de-la-poblacion-2020\/","title":{"rendered":"D\u00eda Mundial de la Poblaci\u00f3n 2020: \u00bfQu\u00e9 Significa en Tiempos de Coronavirus?"},"content":{"rendered":"<p><strong>Atravesando un momento crucial en su historia, el pr\u00f3ximo s\u00e1bado 11 de julio, la humanidad conmemorar\u00e1 el D\u00eda Mundial de la Poblaci\u00f3n y, por ello, en U-Storage queremos hablar un poco al respecto: cu\u00e1les son sus or\u00edgenes, la intenci\u00f3n que tiene y por qu\u00e9 es importante pensarlo de cara a la pandemia que vivimos por la COVID-19.<\/strong><\/p>\n<p>&nbsp;<\/p>\n<p>Anunciado el a\u00f1o en que la poblaci\u00f3n mundial alcanz\u00f3 la tremenda cifra de los 5 mil millones, cada 11 de julio, <strong>la ONU conmemora el D\u00eda Mundial de la Poblaci\u00f3n con el objetivo de crear conciencia sobre la urgencia de atender las problem\u00e1ticas m\u00e1s graves que atacan a los seres humanos<\/strong>: violencia, hambre, desarraigo, enfermedades&#8230;<\/p>\n<p><img loading=\"lazy\" decoding=\"async\" class=\"aligncenter wp-image-4630 size-full\" src=\"https:\/\/u-storage.com.mx\/blog\/wp-content\/uploads\/2019\/02\/dia-mundial-de-la-poblacion-2020-02.jpg\" alt=\"D\u00eda Mundial de la Poblaci\u00f3n\" width=\"800\" height=\"558\" srcset=\"https:\/\/u-storage.com.mx\/blog\/wp-content\/uploads\/2019\/02\/dia-mundial-de-la-poblacion-2020-02.jpg 800w, https:\/\/u-storage.com.mx\/blog\/wp-content\/uploads\/2019\/02\/dia-mundial-de-la-poblacion-2020-02-300x209.jpg 300w, https:\/\/u-storage.com.mx\/blog\/wp-content\/uploads\/2019\/02\/dia-mundial-de-la-poblacion-2020-02-600x419.jpg 600w, https:\/\/u-storage.com.mx\/blog\/wp-content\/uploads\/2019\/02\/dia-mundial-de-la-poblacion-2020-02-768x536.jpg 768w\" sizes=\"(max-width: 800px) 100vw, 800px\" \/><\/p>\n<p>&nbsp;<\/p>\n<p>En 2020, <strong>esta fecha adquiere un significado realmente especial<\/strong> pues, como lo sabes, estamos en plena lucha contra el coronavirus, lucha en la que todos estamos involucrados y de la que s\u00f3lo unidos podremos salir avantes. En U-Storage quisimos realizar una peque\u00f1a reflexi\u00f3n y as\u00ed, unirnos a su conmemoraci\u00f3n.<\/p>\n<p>Fue <strong>en 1989 cuando la Organizaci\u00f3n de las Naciones Unidas celebr\u00f3 el acuerdo que har\u00eda del 11 de julio el D\u00eda Mundial de la Poblaci\u00f3n<\/strong>, como lo mencionamos ya, ese a\u00f1o, los hombres y mujeres del mundo entero llegaron a los 5 mil millones, cifra gigantesca si pensamos que 189 a\u00f1os antes, es decir, en 1800, \u00e9ramos menos de mil millones de personas en todo el mundo.<\/p>\n<p><img loading=\"lazy\" decoding=\"async\" class=\"aligncenter wp-image-4633 size-full\" src=\"https:\/\/u-storage.com.mx\/blog\/wp-content\/uploads\/2019\/02\/dia-mundial-de-la-poblacion-2020-05.jpg\" alt=\"COVID-19 en el Mundo\" width=\"800\" height=\"533\" \/><\/p>\n<p>Cien a\u00f1os despu\u00e9s, al iniciar el siglo XX, es decir, s\u00f3lo 89 a\u00f1os antes de que se instaurar\u00e1 el D\u00eda Mundial de la Poblaci\u00f3n, la cifra era de mil millones 650 mil habitantes en el planeta. Para 2019, \u00e9ramos m\u00e1s de 7,770 millones de personas y <strong>este 2020 somos ya poco m\u00e1s de 7,800 millones<\/strong>.<\/p>\n<p><strong>La ONU calcula que a\u00f1o con a\u00f1o se suman 83 millones de habitantes<\/strong> por lo que se estima que para el 2030 seremos 8,600 millones y para el 2050, alrededor de 9,800 millones.<\/p>\n<p>Somos tantos, <strong>tantas cosas nos unen y otras tantas nos separan<\/strong>, los problemas que enfrentamos en M\u00e9xico se pueden parecer en mucho a los que enfrentan otras regiones de Am\u00e9rica Latina, incluso la crisis de desplazados en Medio Oriente encuentra eco (con sus muy grandes diferencias) en la situaci\u00f3n de miles de migrantes centroamericanos que tienen que salir de sus pa\u00edses por la violencia.<\/p>\n<p><img loading=\"lazy\" decoding=\"async\" class=\"aligncenter size-medium wp-image-4629\" src=\"https:\/\/u-storage.com.mx\/blog\/wp-content\/uploads\/2019\/02\/dia-mundial-de-la-poblacion-2020-01-600x527.jpg\" alt=\"Crecimiento de Poblaci\u00f3n Mundial\" width=\"600\" height=\"527\" \/><\/p>\n<p>Por eso es tan importante que seamos emp\u00e1ticos, que vivamos nuestra realidad conectados a la realidad de los otros, a esas personas al otro lado del mundo, por eso, tambi\u00e9n, <strong>la pandemia por la COVID-19 nos est\u00e1 uniendo de una forma que hace mucho nada nos un\u00eda<\/strong>.<\/p>\n<p>La forma en que esta enfermedad ha venido ha impactar en nuestras vidas es contundente a nivel global, pero, por mucho que todo el mundo est\u00e9 siendo golpeado por el coronavirus, lo cierto es que cada embestida es diferente pues la evoluci\u00f3n del mundo ha sido dispar, somos un planeta en \u00e9l que, si algo tienen en com\u00fan sus habitantes, es la desigualdad econ\u00f3mica, social, racial, de g\u00e9nero y justamente ah\u00ed, es donde radica la importancia del D\u00eda Mundial de la Poblaci\u00f3n este 2020.<\/p>\n<p>&nbsp;<\/p>\n<p><strong><em>Top 10 de los pa\u00edses m\u00e1s poblados*<\/em><\/strong><\/p>\n<ol>\n<li>China -1,433, 783,686<\/li>\n<li>India &#8211; 1,398,417,754<\/li>\n<li>Estados Unidos &#8211; 329,064,917<\/li>\n<li>Indonesia &#8211; 270,625,568<\/li>\n<li>Pakist\u00e1n &#8211; 216,565,318<\/li>\n<li>Brasil &#8211; 211,049,527<\/li>\n<li>Nigeria &#8211; 206,139,589<\/li>\n<li>Bangladesh &#8211; 163,046,161<\/li>\n<li>Rusia &#8211; 145,872,256<\/li>\n<li><strong>M\u00e9xico &#8211; 127,575,529<\/strong><\/li>\n<\/ol>\n<p style=\"text-align: right;\">*Datos tomados de <span style=\"color: #ff6600;\"><a style=\"color: #ff6600;\" href=\"https:\/\/eacnur.org\/blog\/los-10-paises-mas-poblados-del-mundo-tc_alt45664n_o_pstn_o_pst\/\" target=\"_blank\" rel=\"noopener noreferrer\">UNHCR-ACNUR<\/a><\/span><\/p>\n<p>&nbsp;<\/p>\n<p><strong><em>El mundo, su poblaci\u00f3n y la COVID-19<\/em><\/strong><\/p>\n<p>La COVID-19, es <strong>la primera gran pandemia del siglo XXI<\/strong>, aunque el \u00e9bola y la influenza H1N1 fueron enfermedades cuyos brotes hab\u00edan golpeado a un gran n\u00famero de habitantes durante este \u00faltimo siglo y la presencia del VIH SIDA (que ha cobrado la vida de 25 millones de personas desde su aparici\u00f3n) sigue siendo una sombra y gran diferenciador de la forma en c\u00f3mo nos relacionamos desde que apareci\u00f3 en las \u00faltimas d\u00e9cadas del siglo pasado, la manera en que la COVID-19 ha venido a dejar su huella s\u00f3lo se compara con el brote de gripe espa\u00f1ola aparecido en 1918 y que caus\u00f3 la muerte de entre 50 a 100 millones de personas, o bien, los brotes de c\u00f3lera o viruela en los siglos XVIII o XIX.<\/p>\n<p>As\u00ed, esta pandemia ha venido a cambiar pr\u00e1cticamente todos los aspectos de nuestras vidas, atr\u00e1s han quedado las viejas formas en que trabaj\u00e1bamos, nos relacion\u00e1bamos, compr\u00e1bamos, viaj\u00e1bamos, vaya, hasta salir a la calle es distinto ahora, se llama <span style=\"color: #ff6600;\"><a style=\"color: #ff6600;\" href=\"https:\/\/u-storage.com.mx\/blog\/que-hacer-y-que-no-hacer-en-la-nueva-normalidad\/\">nueva normalidad<\/a><\/span>, y apenas la estamos conociendo.<\/p>\n<p><img loading=\"lazy\" decoding=\"async\" class=\"aligncenter size-full wp-image-4632\" src=\"https:\/\/u-storage.com.mx\/blog\/wp-content\/uploads\/2019\/02\/dia-mundial-de-la-poblacion-2020-04.jpg\" alt=\"Pandemia Mundial\" width=\"800\" height=\"533\" \/><\/p>\n<p>A nivel global son ya 11,125,245 contagiados desde que esto inicio en China hace alrededor de seis meses y, por el momento, <strong>el continente americano es el foco de la pandemia al registrar casi 6 millones de casos<\/strong> (5,697,954).<\/p>\n<p>&nbsp;<\/p>\n<p><strong><em>Top 10 de los pa\u00edses con m\u00e1s casos de coronavirus**<\/em><\/strong><strong><em>\u00a0<\/em><\/strong><\/p>\n<ol>\n<li>Estados Unidos &#8211; 2,888,729<\/li>\n<li>Brasil &#8211; 1,603,055<\/li>\n<li>India &#8211; 697,413<\/li>\n<li>Rusia &#8211; 687,862<\/li>\n<li>Per\u00fa &#8211; 302,718<\/li>\n<li>Chile &#8211; 295,532<\/li>\n<li>Reino Unido &#8211; 286, 931<\/li>\n<li><strong>M\u00e9xico &#8211; 256,848<\/strong><\/li>\n<li>Espa\u00f1a &#8211; 250,545<\/li>\n<li>Italia &#8211; 241,611<\/li>\n<\/ol>\n<p>&nbsp;<\/p>\n<p>El coronavirus ha cobrado ya la vida de 534,743 personas, cifra que podr\u00eda parecer irrelevante si pensamos que somos miles de millones los que poblamos este planeta, sin embargo, <strong>tenemos que mirar cada deceso como alguien a quien otros est\u00e1n llorando y extra\u00f1ando<\/strong>, pues s\u00f3lo de esta manera podemos darnos cuenta de lo fuerte que es que m\u00e1s de medio mill\u00f3n de personas hayan sido las presas mortales de esta nueva enfermedad.<\/p>\n<p>&nbsp;<\/p>\n<p><strong><em>Top 10 pa\u00edses con m\u00e1s muertes**<\/em><\/strong><\/p>\n<ol>\n<li>Estados Unidos &#8211; 129,947<\/li>\n<li>Brasil &#8211; 64,867<\/li>\n<li>Reino Unido &#8211; 44,305<\/li>\n<li>Italia &#8211; 34,861<\/li>\n<li><strong>M\u00e9xico &#8211; 30,639<\/strong><\/li>\n<li>Francia &#8211; 29,893<\/li>\n<li>Espa\u00f1a &#8211; 28,385<\/li>\n<li>India &#8211; 19,693<\/li>\n<li>Ir\u00e1n &#8211; 11,571<\/li>\n<li>Per\u00fa &#8211; 10,589<\/li>\n<\/ol>\n<p style=\"text-align: right;\">**Datos tomados de <span style=\"color: #ff6600;\"><a style=\"color: #ff6600;\" href=\"https:\/\/www.who.int\/emergencies\/diseases\/novel-coronavirus-2019\/situation-reports\/\" target=\"_blank\" rel=\"noopener noreferrer\">OMS<\/a><\/span><\/p>\n<p>&nbsp;<\/p>\n<p><strong><em>Conocer es comprender<\/em><\/strong><\/p>\n<p>Lo sabemos, este 2020 parece que vale por diez, quince a\u00f1os o un simple parpadeo, parece que fue ayer que el a\u00f1o iniciaba y sin embargo, ya pas\u00f3 la mitad, de ah\u00ed, que sea tan importante que tomemos un momento esta semana y, en el marco del D\u00eda Mundial de la Poblaci\u00f3n, <strong>hagamos una pausa para reflexionar en las m\u00faltiples formas en que las circunstancias en que vivimos hoy son distintas a las reg\u00edan nuestras vidas hace un a\u00f1o<\/strong>.<\/p>\n<p><img loading=\"lazy\" decoding=\"async\" class=\"aligncenter size-full wp-image-4631\" src=\"https:\/\/u-storage.com.mx\/blog\/wp-content\/uploads\/2019\/02\/dia-mundial-de-la-poblacion-2020-03.jpg\" alt=\"Poblaci\u00f3n en M\u00e9xico\" width=\"800\" height=\"418\" \/><\/p>\n<p>Los d\u00edas internacionales, las fechas hist\u00f3ricas, son muy importantes pues nos hacen tomar conciencia sobre cierto acontecimiento, sobre ciertos grupos de personas, sobre ciertas maneras de vivir y a partir de ah\u00ed, trazar ciertas directrices bajo las cuales vivimos nuestro presente.<\/p>\n<p><strong>Estamos lejos de dejar en el pasado al coronavirus<\/strong>, de dominarlo, aunque los cient\u00edficos avanzan a pasos agigantados en la investigaci\u00f3n de tratamientos y el desarrollo de vacunas, lo cierto es que todos estamos en riesgo de contraer esta novel enfermedad, tambi\u00e9n es cierto que a\u00fan no alcanzamos a comprender del todo como la humanidad est\u00e1 cambiando por ella.<\/p>\n<p>En medio de la tormenta, la mejor forma de prepararse es inform\u00e1ndose, por ello nos gustar\u00eda recomendarte que te des una zambullida en los portales <span style=\"color: #ff6600;\"><a style=\"color: #ff6600;\" href=\"https:\/\/worldpopulationreview.com\/\" target=\"_blank\" rel=\"noopener noreferrer\">World Population Review<\/a><\/span> y <span style=\"color: #ff6600;\"><a style=\"color: #ff6600;\" href=\"https:\/\/www.worldometers.info\/es\/\" target=\"_blank\" rel=\"noopener noreferrer\">World Meters<\/a><\/span>, <strong>est\u00e1s p\u00e1ginas te ayudar\u00e1n a conectar much\u00edsimo con la forma en que la poblaci\u00f3n mundial est\u00e1 configurada<\/strong>.<\/p>\n<p><img loading=\"lazy\" decoding=\"async\" class=\"aligncenter size-full wp-image-4634\" src=\"https:\/\/u-storage.com.mx\/blog\/wp-content\/uploads\/2019\/02\/dia-mundial-de-la-poblacion-2020-06.jpg\" alt=\"Personal M\u00e9dico\" width=\"800\" height=\"533\" \/><\/p>\n<p>Hagamos una pausa en nuestras vidas y pensemos en las vidas de aquellos que est\u00e1n enfermos en pa\u00edses m\u00e1s desarrollados, as\u00ed como tambi\u00e9n en aquellos enfermos en pa\u00edses que apenas tienen la infraestructura para tratar los casos que hay en ellos.<\/p>\n<p>Volteemos la mirada a nuestro propio pa\u00eds tan desigual, a nuestros vecinos, familiares, amigos, \u00bfc\u00f3mo viven?<\/p>\n<p>Pensemos que nuestras acciones diarias contribuyen a que esto sea contenido o se extienda y afecte a m\u00e1s mexicanos, <strong>hoy m\u00e1s que nunca, cada paso que damos tiene un impacto as\u00ed que procuremos que sea positivo<\/strong>.<\/p>\n<p>&nbsp;<\/p>\n<hr \/>\n<p>&nbsp;<\/p>\n<p>Con el fin de que tengas m\u00e1s informaci\u00f3n sobre el impacto que la COVID-19 est\u00e1 teniendo en nuestro pa\u00eds, <span style=\"color: #ff6600;\"><a style=\"color: #ff6600;\" href=\"https:\/\/coronavirus.gob.mx\/datos\/#DOView\" target=\"_blank\" rel=\"noopener noreferrer\">checa este portal<\/a><\/span>, se trata de un panel interactivo que el gobierno mexicano desarroll\u00f3 donde podr\u00e1s ver una gran cantidad de data y hacerte una idea mucho m\u00e1s completa de c\u00f3mo la poblaci\u00f3n mexicana esta siendo afectada por esta pandemia.<\/p>\n<p>&nbsp;<\/p>\n","protected":false},"excerpt":{"rendered":"<p>Atravesando un momento crucial en su historia, el pr\u00f3ximo s\u00e1bado 11 de julio, la humanidad conmemorar\u00e1 el D\u00eda Mundial de la Poblaci\u00f3n y, por ello, en U-Storage queremos hablar un &#8230; <\/p>\n<p class=\"read-more-container\"><a title=\"D\u00eda Mundial de la Poblaci\u00f3n 2020: \u00bfQu\u00e9 Significa en Tiempos de Coronavirus?\" class=\"read-more button\" href=\"https:\/\/u-storage.com.mx\/blog\/dia-mundial-de-la-poblacion-2020\/#more-4627\" aria-label=\"Leer m\u00e1s sobre D\u00eda Mundial de la Poblaci\u00f3n 2020: \u00bfQu\u00e9 Significa en Tiempos de Coronavirus?\">Leer m\u00e1s<\/a><\/p>\n","protected":false},"author":3,"featured_media":4630,"comment_status":"closed","ping_status":"closed","sticky":false,"template":"","format":"standard","meta":{"footnotes":""},"categories":[29],"tags":[87,88,249],"yoast_head":"<!-- This site is optimized with the Yoast SEO plugin v24.5 - https:\/\/yoast.com\/wordpress\/plugins\/seo\/ -->\n<title>D\u00eda Mundial de la Poblaci\u00f3n 2020 | Blog U-Storage Renta de Mini-bodegas<\/title>\n<meta name=\"description\" content=\"Atravesando un momento crucial en su historia por la COVID-19, el pr\u00f3ximo s\u00e1bado 11 de julio, la humanidad conmemorar\u00e1 el D\u00eda Mundial de la Poblaci\u00f3n.\" \/>\n<meta name=\"robots\" content=\"index, follow, max-snippet:-1, max-image-preview:large, max-video-preview:-1\" \/>\n<link rel=\"canonical\" href=\"https:\/\/u-storage.com.mx\/blog\/dia-mundial-de-la-poblacion-2020\/\" \/>\n<meta property=\"og:locale\" content=\"es_MX\" \/>\n<meta property=\"og:type\" content=\"article\" \/>\n<meta property=\"og:title\" content=\"D\u00eda Mundial de la Poblaci\u00f3n 2020 | Blog U-Storage Renta de Mini-bodegas\" \/>\n<meta property=\"og:description\" content=\"Atravesando un momento crucial en su historia por la COVID-19, el pr\u00f3ximo s\u00e1bado 11 de julio, la humanidad conmemorar\u00e1 el D\u00eda Mundial de la Poblaci\u00f3n.\" \/>\n<meta property=\"og:url\" content=\"https:\/\/u-storage.com.mx\/blog\/dia-mundial-de-la-poblacion-2020\/\" \/>\n<meta property=\"og:site_name\" content=\"Blog U-Storage\" \/>\n<meta property=\"article:publisher\" content=\"https:\/\/www.facebook.com\/ustorage\" \/>\n<meta property=\"article:published_time\" content=\"2020-07-06T16:13:34+00:00\" \/>\n<meta property=\"article:modified_time\" content=\"2023-10-19T19:17:05+00:00\" \/>\n<meta property=\"og:image\" content=\"https:\/\/u-storage.com.mx\/blog\/wp-content\/uploads\/2019\/02\/dia-mundial-de-la-poblacion-2020-02.jpg\" \/>\n\t<meta property=\"og:image:width\" content=\"800\" \/>\n\t<meta property=\"og:image:height\" content=\"558\" \/>\n\t<meta property=\"og:image:type\" content=\"image\/jpeg\" \/>\n<meta name=\"author\" content=\"Team U-Storage\" \/>\n<meta name=\"twitter:card\" content=\"summary_large_image\" \/>\n<meta name=\"twitter:creator\" content=\"@ustoragemx\" \/>\n<meta name=\"twitter:site\" content=\"@ustoragemx\" \/>\n<meta name=\"twitter:label1\" content=\"Escrito por\" \/>\n\t<meta name=\"twitter:data1\" content=\"Team U-Storage\" \/>\n\t<meta name=\"twitter:label2\" content=\"Tiempo de lectura\" \/>\n\t<meta name=\"twitter:data2\" content=\"7 minutos\" \/>\n<script type=\"application\/ld+json\" class=\"yoast-schema-graph\">{\"@context\":\"https:\/\/schema.org\",\"@graph\":[{\"@type\":\"Article\",\"@id\":\"https:\/\/u-storage.com.mx\/blog\/dia-mundial-de-la-poblacion-2020\/#article\",\"isPartOf\":{\"@id\":\"https:\/\/u-storage.com.mx\/blog\/dia-mundial-de-la-poblacion-2020\/\"},\"author\":{\"name\":\"Team U-Storage\",\"@id\":\"https:\/\/u-storage.com.mx\/blog\/#\/schema\/person\/608a120f11c54916febcf163a2727989\"},\"headline\":\"D\u00eda Mundial de la Poblaci\u00f3n 2020: \u00bfQu\u00e9 Significa en Tiempos de Coronavirus?\",\"datePublished\":\"2020-07-06T16:13:34+00:00\",\"dateModified\":\"2023-10-19T19:17:05+00:00\",\"mainEntityOfPage\":{\"@id\":\"https:\/\/u-storage.com.mx\/blog\/dia-mundial-de-la-poblacion-2020\/\"},\"wordCount\":1387,\"publisher\":{\"@id\":\"https:\/\/u-storage.com.mx\/blog\/#organization\"},\"image\":{\"@id\":\"https:\/\/u-storage.com.mx\/blog\/dia-mundial-de-la-poblacion-2020\/#primaryimage\"},\"thumbnailUrl\":\"https:\/\/u-storage.com.mx\/blog\/wp-content\/uploads\/2019\/02\/dia-mundial-de-la-poblacion-2020-02.jpg\",\"keywords\":[\"coronavirus\",\"COVID-19\",\"D\u00eda Mundial de la Poblaci\u00f3n\"],\"articleSection\":[\"Cultura\"],\"inLanguage\":\"es\"},{\"@type\":\"WebPage\",\"@id\":\"https:\/\/u-storage.com.mx\/blog\/dia-mundial-de-la-poblacion-2020\/\",\"url\":\"https:\/\/u-storage.com.mx\/blog\/dia-mundial-de-la-poblacion-2020\/\",\"name\":\"D\u00eda Mundial de la Poblaci\u00f3n 2020 | Blog U-Storage Renta de Mini-bodegas\",\"isPartOf\":{\"@id\":\"https:\/\/u-storage.com.mx\/blog\/#website\"},\"primaryImageOfPage\":{\"@id\":\"https:\/\/u-storage.com.mx\/blog\/dia-mundial-de-la-poblacion-2020\/#primaryimage\"},\"image\":{\"@id\":\"https:\/\/u-storage.com.mx\/blog\/dia-mundial-de-la-poblacion-2020\/#primaryimage\"},\"thumbnailUrl\":\"https:\/\/u-storage.com.mx\/blog\/wp-content\/uploads\/2019\/02\/dia-mundial-de-la-poblacion-2020-02.jpg\",\"datePublished\":\"2020-07-06T16:13:34+00:00\",\"dateModified\":\"2023-10-19T19:17:05+00:00\",\"description\":\"Atravesando un momento crucial en su historia por la COVID-19, el pr\u00f3ximo s\u00e1bado 11 de julio, la humanidad conmemorar\u00e1 el D\u00eda Mundial de la Poblaci\u00f3n.\",\"inLanguage\":\"es\",\"potentialAction\":[{\"@type\":\"ReadAction\",\"target\":[\"https:\/\/u-storage.com.mx\/blog\/dia-mundial-de-la-poblacion-2020\/\"]}]},{\"@type\":\"ImageObject\",\"inLanguage\":\"es\",\"@id\":\"https:\/\/u-storage.com.mx\/blog\/dia-mundial-de-la-poblacion-2020\/#primaryimage\",\"url\":\"https:\/\/u-storage.com.mx\/blog\/wp-content\/uploads\/2019\/02\/dia-mundial-de-la-poblacion-2020-02.jpg\",\"contentUrl\":\"https:\/\/u-storage.com.mx\/blog\/wp-content\/uploads\/2019\/02\/dia-mundial-de-la-poblacion-2020-02.jpg\",\"width\":800,\"height\":558,\"caption\":\"D\u00eda Mundial de la Poblaci\u00f3n\"},{\"@type\":\"WebSite\",\"@id\":\"https:\/\/u-storage.com.mx\/blog\/#website\",\"url\":\"https:\/\/u-storage.com.mx\/blog\/\",\"name\":\"Blog U-Storage\",\"description\":\"Aqu\u00ed encontrar\u00e1s informaci\u00f3n \u00fatil para tu vida, tus espacios actuales... y hasta c\u00f3mo aprovechar los nuevos!\",\"publisher\":{\"@id\":\"https:\/\/u-storage.com.mx\/blog\/#organization\"},\"potentialAction\":[{\"@type\":\"SearchAction\",\"target\":{\"@type\":\"EntryPoint\",\"urlTemplate\":\"https:\/\/u-storage.com.mx\/blog\/?s={search_term_string}\"},\"query-input\":{\"@type\":\"PropertyValueSpecification\",\"valueRequired\":true,\"valueName\":\"search_term_string\"}}],\"inLanguage\":\"es\"},{\"@type\":\"Organization\",\"@id\":\"https:\/\/u-storage.com.mx\/blog\/#organization\",\"name\":\"Blog U-Storage\",\"url\":\"https:\/\/u-storage.com.mx\/blog\/\",\"logo\":{\"@type\":\"ImageObject\",\"inLanguage\":\"es\",\"@id\":\"https:\/\/u-storage.com.mx\/blog\/#\/schema\/logo\/image\/\",\"url\":\"https:\/\/u-storage.com.mx\/blog\/wp-content\/uploads\/2024\/03\/BlogStorage-Logo.png\",\"contentUrl\":\"https:\/\/u-storage.com.mx\/blog\/wp-content\/uploads\/2024\/03\/BlogStorage-Logo.png\",\"width\":350,\"height\":73,\"caption\":\"Blog U-Storage\"},\"image\":{\"@id\":\"https:\/\/u-storage.com.mx\/blog\/#\/schema\/logo\/image\/\"},\"sameAs\":[\"https:\/\/www.facebook.com\/ustorage\",\"https:\/\/x.com\/ustoragemx\"]},{\"@type\":\"Person\",\"@id\":\"https:\/\/u-storage.com.mx\/blog\/#\/schema\/person\/608a120f11c54916febcf163a2727989\",\"name\":\"Team U-Storage\",\"image\":{\"@type\":\"ImageObject\",\"inLanguage\":\"es\",\"@id\":\"https:\/\/u-storage.com.mx\/blog\/#\/schema\/person\/image\/\",\"url\":\"https:\/\/secure.gravatar.com\/avatar\/1d7ac809a8e374c7bab9b5a189fae36b?s=96&d=mm&r=g\",\"contentUrl\":\"https:\/\/secure.gravatar.com\/avatar\/1d7ac809a8e374c7bab9b5a189fae36b?s=96&d=mm&r=g\",\"caption\":\"Team U-Storage\"},\"url\":\"https:\/\/u-storage.com.mx\/blog\/author\/ustorage\/\"}]}<\/script>\n<!-- \/ Yoast SEO plugin. -->","yoast_head_json":{"title":"D\u00eda Mundial de la Poblaci\u00f3n 2020 | Blog U-Storage Renta de Mini-bodegas","description":"Atravesando un momento crucial en su historia por la COVID-19, el pr\u00f3ximo s\u00e1bado 11 de julio, la humanidad conmemorar\u00e1 el D\u00eda Mundial de la Poblaci\u00f3n.","robots":{"index":"index","follow":"follow","max-snippet":"max-snippet:-1","max-image-preview":"max-image-preview:large","max-video-preview":"max-video-preview:-1"},"canonical":"https:\/\/u-storage.com.mx\/blog\/dia-mundial-de-la-poblacion-2020\/","og_locale":"es_MX","og_type":"article","og_title":"D\u00eda Mundial de la Poblaci\u00f3n 2020 | Blog U-Storage Renta de Mini-bodegas","og_description":"Atravesando un momento crucial en su historia por la COVID-19, el pr\u00f3ximo s\u00e1bado 11 de julio, la humanidad conmemorar\u00e1 el D\u00eda Mundial de la Poblaci\u00f3n.","og_url":"https:\/\/u-storage.com.mx\/blog\/dia-mundial-de-la-poblacion-2020\/","og_site_name":"Blog U-Storage","article_publisher":"https:\/\/www.facebook.com\/ustorage","article_published_time":"2020-07-06T16:13:34+00:00","article_modified_time":"2023-10-19T19:17:05+00:00","og_image":[{"width":800,"height":558,"url":"https:\/\/u-storage.com.mx\/blog\/wp-content\/uploads\/2019\/02\/dia-mundial-de-la-poblacion-2020-02.jpg","type":"image\/jpeg"}],"author":"Team U-Storage","twitter_card":"summary_large_image","twitter_creator":"@ustoragemx","twitter_site":"@ustoragemx","twitter_misc":{"Escrito por":"Team U-Storage","Tiempo de lectura":"7 minutos"},"schema":{"@context":"https:\/\/schema.org","@graph":[{"@type":"Article","@id":"https:\/\/u-storage.com.mx\/blog\/dia-mundial-de-la-poblacion-2020\/#article","isPartOf":{"@id":"https:\/\/u-storage.com.mx\/blog\/dia-mundial-de-la-poblacion-2020\/"},"author":{"name":"Team U-Storage","@id":"https:\/\/u-storage.com.mx\/blog\/#\/schema\/person\/608a120f11c54916febcf163a2727989"},"headline":"D\u00eda Mundial de la Poblaci\u00f3n 2020: \u00bfQu\u00e9 Significa en Tiempos de Coronavirus?","datePublished":"2020-07-06T16:13:34+00:00","dateModified":"2023-10-19T19:17:05+00:00","mainEntityOfPage":{"@id":"https:\/\/u-storage.com.mx\/blog\/dia-mundial-de-la-poblacion-2020\/"},"wordCount":1387,"publisher":{"@id":"https:\/\/u-storage.com.mx\/blog\/#organization"},"image":{"@id":"https:\/\/u-storage.com.mx\/blog\/dia-mundial-de-la-poblacion-2020\/#primaryimage"},"thumbnailUrl":"https:\/\/u-storage.com.mx\/blog\/wp-content\/uploads\/2019\/02\/dia-mundial-de-la-poblacion-2020-02.jpg","keywords":["coronavirus","COVID-19","D\u00eda Mundial de la Poblaci\u00f3n"],"articleSection":["Cultura"],"inLanguage":"es"},{"@type":"WebPage","@id":"https:\/\/u-storage.com.mx\/blog\/dia-mundial-de-la-poblacion-2020\/","url":"https:\/\/u-storage.com.mx\/blog\/dia-mundial-de-la-poblacion-2020\/","name":"D\u00eda Mundial de la Poblaci\u00f3n 2020 | Blog U-Storage Renta de Mini-bodegas","isPartOf":{"@id":"https:\/\/u-storage.com.mx\/blog\/#website"},"primaryImageOfPage":{"@id":"https:\/\/u-storage.com.mx\/blog\/dia-mundial-de-la-poblacion-2020\/#primaryimage"},"image":{"@id":"https:\/\/u-storage.com.mx\/blog\/dia-mundial-de-la-poblacion-2020\/#primaryimage"},"thumbnailUrl":"https:\/\/u-storage.com.mx\/blog\/wp-content\/uploads\/2019\/02\/dia-mundial-de-la-poblacion-2020-02.jpg","datePublished":"2020-07-06T16:13:34+00:00","dateModified":"2023-10-19T19:17:05+00:00","description":"Atravesando un momento crucial en su historia por la COVID-19, el pr\u00f3ximo s\u00e1bado 11 de julio, la humanidad conmemorar\u00e1 el D\u00eda Mundial de la Poblaci\u00f3n.","inLanguage":"es","potentialAction":[{"@type":"ReadAction","target":["https:\/\/u-storage.com.mx\/blog\/dia-mundial-de-la-poblacion-2020\/"]}]},{"@type":"ImageObject","inLanguage":"es","@id":"https:\/\/u-storage.com.mx\/blog\/dia-mundial-de-la-poblacion-2020\/#primaryimage","url":"https:\/\/u-storage.com.mx\/blog\/wp-content\/uploads\/2019\/02\/dia-mundial-de-la-poblacion-2020-02.jpg","contentUrl":"https:\/\/u-storage.com.mx\/blog\/wp-content\/uploads\/2019\/02\/dia-mundial-de-la-poblacion-2020-02.jpg","width":800,"height":558,"caption":"D\u00eda Mundial de la Poblaci\u00f3n"},{"@type":"WebSite","@id":"https:\/\/u-storage.com.mx\/blog\/#website","url":"https:\/\/u-storage.com.mx\/blog\/","name":"Blog U-Storage","description":"Aqu\u00ed encontrar\u00e1s informaci\u00f3n \u00fatil para tu vida, tus espacios actuales... y hasta c\u00f3mo aprovechar los nuevos!","publisher":{"@id":"https:\/\/u-storage.com.mx\/blog\/#organization"},"potentialAction":[{"@type":"SearchAction","target":{"@type":"EntryPoint","urlTemplate":"https:\/\/u-storage.com.mx\/blog\/?s={search_term_string}"},"query-input":{"@type":"PropertyValueSpecification","valueRequired":true,"valueName":"search_term_string"}}],"inLanguage":"es"},{"@type":"Organization","@id":"https:\/\/u-storage.com.mx\/blog\/#organization","name":"Blog U-Storage","url":"https:\/\/u-storage.com.mx\/blog\/","logo":{"@type":"ImageObject","inLanguage":"es","@id":"https:\/\/u-storage.com.mx\/blog\/#\/schema\/logo\/image\/","url":"https:\/\/u-storage.com.mx\/blog\/wp-content\/uploads\/2024\/03\/BlogStorage-Logo.png","contentUrl":"https:\/\/u-storage.com.mx\/blog\/wp-content\/uploads\/2024\/03\/BlogStorage-Logo.png","width":350,"height":73,"caption":"Blog U-Storage"},"image":{"@id":"https:\/\/u-storage.com.mx\/blog\/#\/schema\/logo\/image\/"},"sameAs":["https:\/\/www.facebook.com\/ustorage","https:\/\/x.com\/ustoragemx"]},{"@type":"Person","@id":"https:\/\/u-storage.com.mx\/blog\/#\/schema\/person\/608a120f11c54916febcf163a2727989","name":"Team U-Storage","image":{"@type":"ImageObject","inLanguage":"es","@id":"https:\/\/u-storage.com.mx\/blog\/#\/schema\/person\/image\/","url":"https:\/\/secure.gravatar.com\/avatar\/1d7ac809a8e374c7bab9b5a189fae36b?s=96&d=mm&r=g","contentUrl":"https:\/\/secure.gravatar.com\/avatar\/1d7ac809a8e374c7bab9b5a189fae36b?s=96&d=mm&r=g","caption":"Team U-Storage"},"url":"https:\/\/u-storage.com.mx\/blog\/author\/ustorage\/"}]}},"_links":{"self":[{"href":"https:\/\/u-storage.com.mx\/blog\/wp-json\/wp\/v2\/posts\/4627"}],"collection":[{"href":"https:\/\/u-storage.com.mx\/blog\/wp-json\/wp\/v2\/posts"}],"about":[{"href":"https:\/\/u-storage.com.mx\/blog\/wp-json\/wp\/v2\/types\/post"}],"author":[{"embeddable":true,"href":"https:\/\/u-storage.com.mx\/blog\/wp-json\/wp\/v2\/users\/3"}],"replies":[{"embeddable":true,"href":"https:\/\/u-storage.com.mx\/blog\/wp-json\/wp\/v2\/comments?post=4627"}],"version-history":[{"count":1,"href":"https:\/\/u-storage.com.mx\/blog\/wp-json\/wp\/v2\/posts\/4627\/revisions"}],"predecessor-version":[{"id":8319,"href":"https:\/\/u-storage.com.mx\/blog\/wp-json\/wp\/v2\/posts\/4627\/revisions\/8319"}],"wp:featuredmedia":[{"embeddable":true,"href":"https:\/\/u-storage.com.mx\/blog\/wp-json\/wp\/v2\/media\/4630"}],"wp:attachment":[{"href":"https:\/\/u-storage.com.mx\/blog\/wp-json\/wp\/v2\/media?parent=4627"}],"wp:term":[{"taxonomy":"category","embeddable":true,"href":"https:\/\/u-storage.com.mx\/blog\/wp-json\/wp\/v2\/categories?post=4627"},{"taxonomy":"post_tag","embeddable":true,"href":"https:\/\/u-storage.com.mx\/blog\/wp-json\/wp\/v2\/tags?post=4627"}],"curies":[{"name":"wp","href":"https:\/\/api.w.org\/{rel}","templated":true}]}}