{"id":4676,"date":"2020-08-03T11:43:18","date_gmt":"2020-08-03T16:43:18","guid":{"rendered":"https:\/\/u-storage.com.mx\/blog\/?p=4676"},"modified":"2023-10-19T12:47:09","modified_gmt":"2023-10-19T18:47:09","slug":"como-manejar-las-perdidas-que-hemos-tenidos-este-2020","status":"publish","type":"post","link":"https:\/\/u-storage.com.mx\/blog\/como-manejar-las-perdidas-que-hemos-tenidos-este-2020\/","title":{"rendered":"Como Manejar las P\u00e9rdidas que Hemos Tenidos Este 2020"},"content":{"rendered":"<p><strong>Este a\u00f1o es realmente duro, los meses van cambiando y no sabemos cuando volveremos a nuestra vida pasada, de hecho, cada momento que pasa nos hace pensar que no lo haremos en un corto o mediano plazo, tal vez nunca. Los estragos son gigantescos, \u00bfc\u00f3mo lideamos con ellos?, \u00bfc\u00f3mo los procesamos?, \u00bfqu\u00e9 significa vivir un duelo en medio de una pandemia? Hoy, en U-Storage, queremos hablar sobre todo lo ya no est\u00e1, sobre la forma en que podemos manejar las p\u00e9rdidas de este 2020.<\/strong><\/p>\n<p>&nbsp;<\/p>\n<p>Es agosto y nada est\u00e1 sereno, <strong>la COVID-19 sigue golpe\u00e1ndonos diariamente<\/strong>, el saldo hasta ahora es la p\u00e9rdida de nuestras rutinas, de nuestros empleos, de nuestra vida social, de nuestra libertad y la terror\u00edfica cifra de casi 700 mil vidas humanas a nivel mundial.<\/p>\n<p>Vivir en crisis y total incertidumbre no es f\u00e1cil, para gran parte de la poblaci\u00f3n mundial, quiz\u00e1s, este 2020 es el a\u00f1o m\u00e1s duro que ha vivido. <strong>La situaci\u00f3n actual nos ha forzado a cambiar nuestra forma de percibir los d\u00edas<\/strong>, de pararnos en el mundo, de vivir la vida, de llorar la muerte.<\/p>\n<p><img loading=\"lazy\" decoding=\"async\" class=\"aligncenter size-full wp-image-4679\" src=\"https:\/\/u-storage.com.mx\/blog\/wp-content\/uploads\/2019\/02\/perdidas-01.jpg\" alt=\"Percepci\u00f3n del Tiempo\" width=\"800\" height=\"533\" \/><\/p>\n<p>Y si, <strong>es muy importante mantener la esperanza<\/strong> pues sin ella, dicen los terapeutas, es como estar muertos en vida, pero, tampoco podemos ignorar los sentimientos de tristeza, miedo, enojo, el dolor y la desesperaci\u00f3n, menos, si junto con la crisis sanitaria enfrentamos p\u00e9rdidas personales que nos duelen hasta la m\u00e9dula, que nos descolocan, que nos enferman.<\/p>\n<p>Una sola tragedia es algo muy complicado de manejar, nadie est\u00e1 preparado, pero, \u00bfmiles? Es demasiado para entenderlo y, entonces, muchos de nosotros nos desconectamos. \u00bf<strong>Cu\u00e1ntos de ustedes han dejado de seguir las noticias de la pandemia<\/strong>? \u00bfCu\u00e1ntos de ustedes apenas si escuchan las conferencias de L\u00f3pez-Gatell o s\u00f3lo se conforman con ver los n\u00fameros o checar si avanzamos o retrocedimos en el sem\u00e1foro?<\/p>\n<p>Esto es normal, ante hecatombes de esta dimensi\u00f3n, <strong>los seres humanos tendemos a distanciarnos<\/strong>, sentimos que est\u00e1n m\u00e1s all\u00e1 de cualquier cosa que podamos hacer y nos alejamos de ellas, pasa con las guerras, con la pobreza, incluso, con el cambio clim\u00e1tico. Algunos niegan estas situaciones, otros, piensan que no pueden hacer nada para remediarlas y aunque ante el coronavirus mucho est\u00e1 en las manos de los ciudadanos comunes, no lo hacemos, \u00bfpor qu\u00e9?<\/p>\n<p><img loading=\"lazy\" decoding=\"async\" class=\"aligncenter size-full wp-image-4681\" src=\"https:\/\/u-storage.com.mx\/blog\/wp-content\/uploads\/2019\/02\/perdidas-03.jpg\" alt=\"Aislamiento por Coronavirus\" width=\"800\" height=\"476\" srcset=\"https:\/\/u-storage.com.mx\/blog\/wp-content\/uploads\/2019\/02\/perdidas-03.jpg 800w, https:\/\/u-storage.com.mx\/blog\/wp-content\/uploads\/2019\/02\/perdidas-03-300x179.jpg 300w, https:\/\/u-storage.com.mx\/blog\/wp-content\/uploads\/2019\/02\/perdidas-03-600x357.jpg 600w, https:\/\/u-storage.com.mx\/blog\/wp-content\/uploads\/2019\/02\/perdidas-03-768x457.jpg 768w\" sizes=\"(max-width: 800px) 100vw, 800px\" \/><\/p>\n<p>\u00bfEgoismo? Tal vez, <strong>los seres humanos somos o al menos nos hemos criado en sociedades que privilegian el individualismo<\/strong>, entonces, mientras yo est\u00e9 bien, nada m\u00e1s importa, sin embargo, el hecho de que alrededor del mundo, en nuestro pa\u00eds, haya tantas personas que siguen neg\u00e1ndose a tomar las medidas sanitarias b\u00e1sicas (uso de cubrebocas, caretas, lavado de manos y aislamiento social) responde tambi\u00e9n a la forma en c\u00f3mo enfrentamos o no, las situaciones dif\u00edciles, las p\u00e9rdidas, el miedo, de ah\u00ed que sea tan importante hacerlo, de ah\u00ed que <strong>la toma de conciencia personal y colectiva sea vital<\/strong>.<\/p>\n<p>&nbsp;<\/p>\n<p>Por estas razonas y tambi\u00e9n, por el hecho, de que nosotros en U-Storage, tambi\u00e9n estamos pasando por eso es que <strong>hoy queremos reflexionar sobre las p\u00e9rdidas<\/strong>, queremos pensar en c\u00f3mo las podemos manejar.<\/p>\n<p>&nbsp;<\/p>\n<p><strong><em>Los duelos, \u00bfqu\u00e9 son?<\/em><\/strong><\/p>\n<p>Con una meseta muy constante en la curva de contagios, <span style=\"color: #ff6600;\"><a style=\"color: #ff6600;\" href=\"https:\/\/coronavirus.gob.mx\/datos\/\" target=\"_blank\" rel=\"noopener noreferrer\">de acuerdo a los datos de la Secretar\u00eda de Salud<\/a><\/span>, <strong>M\u00e9xico ha registrado m\u00e1s de 430 mil casos de COVID-19 desde la llegada del coronavirus al pa\u00eds<\/strong> y, todo apunta a que esta semana rebasaremos los 50 mil decesos.<\/p>\n<p><img loading=\"lazy\" decoding=\"async\" class=\"aligncenter size-full wp-image-4671\" src=\"https:\/\/u-storage.com.mx\/blog\/wp-content\/uploads\/2019\/02\/reuniones-con-amigos-04.jpg\" alt=\"Socializar durante la Pandemia\" width=\"800\" height=\"600\" \/><\/p>\n<p>50 mil muertes, 50 mil familias llorando y, si bien, la desaparici\u00f3n de una persona y sus dolientes son el saldo m\u00e1s terrible del impacto de la pandemia, lo cierto es que no es lo \u00fanico que se ha perdido pues <strong>se estima que desde que inici\u00f3 la crisis sanitaria 1 mill\u00f3n 200 mil empleos han desaparecido<\/strong>.<\/p>\n<p>Nuestro trabajo, nuestros espacios de esparcimiento, nuestros encuentros sociales, nuestros padres, nuestros hijos, nuestros amigos, <strong>eso hemos perdido<\/strong>, por eso, todos estamos en duelo, pero, \u00bfqu\u00e9 significa esta palabra?, \u00bfde qu\u00e9 se habla cuando se habla de un proceso de duelo?<\/p>\n<p><strong>En pocas palabras el duelo es el acto de lidiar con el dolor de una p\u00e9rdida<\/strong>, de una ausencia, es el proceso que nos ayuda a adaptarnos a ese faltante y a la nueva realidad que se configura tras esa partida.<\/p>\n<p><strong>Los seres humanos vivimos constantes duelos<\/strong>: cada vez que perdemos un empleo o que terminamos una relaci\u00f3n, tenemos un duelo, claro, el duelo por la muerte de un ser querido es \u00e9l peor, \u00e9l m\u00e1s doloroso, \u00e9l que nos descoloca m\u00e1s, del que nadie te puede hablar, del que no sabes nada hasta que llega.<\/p>\n<p>El duelo lo vivimos todos, es inevitable, pero tambi\u00e9n, es abrumadoramente personal, cada quien lo experimenta de manera muy distinta, pero lo cierto es que todos nos desorientamos cuando sucede, cierto es tambi\u00e9n que, cuando se habla del duelo por un ser querido nunca lo podremos pasar, pues la falta de alguien a quien amamos no se supera, simplemente, se aprende a vivir con ella.<\/p>\n<p>&nbsp;<\/p>\n<p><strong><em>Las fases del dolor<\/em><\/strong><\/p>\n<p><img loading=\"lazy\" decoding=\"async\" class=\"aligncenter size-full wp-image-4680\" src=\"https:\/\/u-storage.com.mx\/blog\/wp-content\/uploads\/2019\/02\/perdidas-02.jpg\" alt=\"P\u00e9rdidas de Seres Queridos\" width=\"800\" height=\"451\" \/><\/p>\n<p>Elisabeth K\u00fcbler-Ross, una psiquiatra suizo-estadounidense, enfoc\u00f3 su carrera en el estudio del proceso de duelo, en la cercan\u00eda con la muerte y gracias a ello, logr\u00f3 identificar cinco etapas por las que casi todos los seres humanos pasan cuando experimentan una muerte, una p\u00e9rdida:<\/p>\n<ol>\n<li><strong>Negaci\u00f3n<\/strong> &#8211; suele aparecer al inicio y es vista como <strong>un mecanismo de defensa ante del dolor<\/strong>, no aceptamos que lo que formaba parte de nuestra vida ya no est\u00e1, sin embargo, la realidad no permite que nos mantengamos mucho tiempo aqu\u00ed.<\/li>\n<li><strong>Ira<\/strong> &#8211; el enojo, <strong>la b\u00fasqueda de responsables<\/strong>, la culpa, todos lo sentimos, pues estamos frustrados por que la muerte, la p\u00e9rdida es irreversible, contundente y no podemos hacer nada contra ella, no hay soluci\u00f3n y eso nos provoca una rabia enorme.<\/li>\n<li><strong>Negociaci\u00f3n<\/strong> &#8211; entramos al momento de los hubiera, \u00bfqu\u00e9 pasar\u00eda si yo hubiera hecho&#8230;?, <strong>pensamos y pensamos rutas de escape de nuestra nueva realidad<\/strong>, estrategias que podr\u00edan devolvernos a aquel o aquello que perdimos.<\/li>\n<li><strong>Depresi\u00f3n<\/strong> &#8211; la tristeza, el vac\u00edo, <strong>la ausencia nos invade<\/strong>, sentimos que nos doblamos de s\u00f3lo pensar en que esa persona ya no est\u00e1, el dolor es f\u00edsico, mental, nuestro esp\u00edritu lo siente.<\/li>\n<li><strong>Aceptaci\u00f3n<\/strong> &#8211; aprendemos a vivir con nuestro dolor, se vuelve parte de nosotros y poco a poco, <strong>vamos conectando con la vida de nuevo<\/strong>, volvemos a sonre\u00edr, a sentir placer, a vivir.<\/li>\n<\/ol>\n<p>Reflexiona, \u00bfte hacen sentido estos sentimientos, estas fases? Ojo, <strong>no son lineales pues el duelo es una monta\u00f1a rusa<\/strong>, un d\u00eda podemos creer que ya vamos mejor, que podemos seguir con nuestra vida y al d\u00eda siguiente despertar inundamos de rabia o tristeza, esto, es totalmente normal, <strong>el duelo es lo m\u00e1s dif\u00edcil que enfrentamos en la vida<\/strong> pues no podemos hacer mucho salvo dejar que pase.<\/p>\n<p><img loading=\"lazy\" decoding=\"async\" class=\"aligncenter size-full wp-image-4371\" src=\"https:\/\/u-storage.com.mx\/blog\/wp-content\/uploads\/2019\/02\/aislamiento-04.jpg\" alt=\"Depresi\u00f3n y Aislamiento\" width=\"800\" height=\"400\" \/><\/p>\n<p>En su libro <strong><em>El A\u00f1o del Pensamiento M\u00e1gico<\/em><\/strong>, Joan Didion hace <strong>un ejercicio magistral por revivir el proceso que vivi\u00f3 cuando su compa\u00f1ero por casi 40 a\u00f1os muere<\/strong> mientras su hija est\u00e1 enferma, y te lleva de la mano por el terrible vaiv\u00e9n que significa perder a alguien, las formas en que la mente y el alma de una persona lo enfrenta, c\u00f3mo va pasando por estas etapas, c\u00f3mo se va construyendo un nuevo imaginario, una nueva realidad.<\/p>\n<p>El duelo no s\u00f3lo es por el pasado y el presente que perdimos, es tambi\u00e9n, por el futuro, por todos esos momentos que la muerte nos quita, ya no habr\u00e1 m\u00e1s cumplea\u00f1os al lado de esas personas, no habr\u00e1 m\u00e1s viajes, no habr\u00e1n m\u00e1s que recuerdos y dolor: el futuro es su ausencia tambi\u00e9n.<\/p>\n<p>&nbsp;<\/p>\n<p><strong><em>Se vale quebrarse<\/em><\/strong><\/p>\n<p><strong>Ausencia es todo aunque llega el momento en que podremos manejarlo<\/strong>, en que lo que perdimos no ser\u00e1 lo primero que aparezca en nuestra mente cuando despertemos por las ma\u00f1anas, pero, se vale quebrarse, siempre.<\/p>\n<p>Ser fuerte es un hito que ha aparecido en los \u00faltimos tiempos, pero no tienes que serlo, uno se puede doblar, s\u00f3lo no pierdas la perspectiva de que eventualmente tendr\u00e1s que pararte y continuar, por ti, por ellos, por los que est\u00e1n.<\/p>\n<p><img loading=\"lazy\" decoding=\"async\" class=\"aligncenter size-full wp-image-4369\" src=\"https:\/\/u-storage.com.mx\/blog\/wp-content\/uploads\/2019\/02\/aislamiento-02.jpg\" alt=\"Aburrido durante la Cuarentena\" width=\"800\" height=\"448\" srcset=\"https:\/\/u-storage.com.mx\/blog\/wp-content\/uploads\/2019\/02\/aislamiento-02.jpg 800w, https:\/\/u-storage.com.mx\/blog\/wp-content\/uploads\/2019\/02\/aislamiento-02-300x168.jpg 300w, https:\/\/u-storage.com.mx\/blog\/wp-content\/uploads\/2019\/02\/aislamiento-02-600x336.jpg 600w, https:\/\/u-storage.com.mx\/blog\/wp-content\/uploads\/2019\/02\/aislamiento-02-768x430.jpg 768w\" sizes=\"(max-width: 800px) 100vw, 800px\" \/><\/p>\n<p><strong>Hoy m\u00e1s que nunca las redes de apoyo son fundamentales<\/strong>, pese a la distancia que tenemos que tener, no podemos perderlas, si est\u00e1s viviendo un momento dif\u00edcil pide ayuda, si sabes de alguien que est\u00e9 pasando por un duelo o por alg\u00fan apuro, ofrece tu hombro, tal vez no puedas abrazarlo, pero puedes llevarle o mandarle algo de comer, escucharlo, verlo a trav\u00e9s de <em>Zoom<\/em>, abrazarlo a la distancia.<\/p>\n<p>Estamos rodeados de una enfermedad desconocida, ante un futuro incierto, nos contagiamos de muerte y carencia, parece que ya no nos afecta pero, sin duda, <strong>todo esto est\u00e1 teniendo un impacto en nosotros m\u00e1s all\u00e1 del que podemos percibir<\/strong>.<\/p>\n<p>De ah\u00ed que el autocuidado sea tan importante, de ah\u00ed tambi\u00e9n que la solidaridad se dibuje como la \u00fanica forma en que podremos salir de esto y no a trav\u00e9s de la desensibilizaci\u00f3n, el entumecimiento y la apat\u00eda, a ratos, tal vez, como mecanismos de defensa pueden ayudar, por supuesto, <strong>es de ayuda desconectarse<\/strong>, evadir a momentos, pero no es sano optar por esto cuando se vive una situaci\u00f3n como la pandemia o cuando se sufre una perdida que te lastima en lo m\u00e1s profundo de tu ser.<\/p>\n<p><img loading=\"lazy\" decoding=\"async\" class=\"aligncenter size-full wp-image-4682\" src=\"https:\/\/u-storage.com.mx\/blog\/wp-content\/uploads\/2019\/02\/perdidas-04.jpg\" alt=\"Lidiar con P\u00e9rdidas\" width=\"800\" height=\"600\" \/><\/p>\n<p>Ayuda escribir: cartas a los que no est\u00e1n, un diario para ti. Ayuda, tambi\u00e9n, hablar con un conocido o un profesional. Llora, abraza la ropa del que ya no est\u00e1, recu\u00e9rdalo a cada momento, tal vez la primera vez que lo hagas duela, pero lo lloras y tus l\u00e1grimas limpian ese recuerdo, para que lo puedas seguir conservando y puedas volver a \u00e9l con una sonrisa, que duele, si, pero tambi\u00e9n reconforta.<\/p>\n<p><strong>No es nada f\u00e1cil perder la rutina<\/strong>, perder el trabajo, perder a alguien, y actualmente somos muchos lo que experimentamos esto, los que no entendemos lo que est\u00e1 pasando ni a donde nos dirigimos, abracemos entonces estas dificultades, el duelo es parte de nosotros, acompa\u00f1\u00e9monos mientras lo vivimos, ayud\u00e9monos a salir adelante.<\/p>\n<p>&nbsp;<\/p>\n<hr \/>\n<p>&nbsp;<\/p>\n<p>Vivir una p\u00e9rdida en tiempos de coronavirus no es f\u00e1cil, <strong>configurar la nueva realidad en medio de momentos tan inciertos ser\u00e1 un trabajo muy complicado<\/strong> as\u00ed que date chance, no te presiones, es poco a poco y no hay prisa, ayuda mucho leer al respecto as\u00ed que por ac\u00e1 te dejamos <span style=\"color: #ff6600;\"><a style=\"color: #ff6600;\" href=\"https:\/\/www.elsotano.com\/autor\/kubler-ross-elizabeth_63689\" target=\"_blank\" rel=\"noopener noreferrer\">el link a varios libros de la doctora Elisabet K\u00fcbler-Ross<\/a><\/span>, la llamada madre de la tanatolog\u00eda, por cierto, en \u00e9l que aborda las fases del duelo se llama <em>La muerte y los moribundos<\/em>.<\/p>\n<p>&nbsp;<\/p>\n","protected":false},"excerpt":{"rendered":"<p>Este a\u00f1o es realmente duro, los meses van cambiando y no sabemos cuando volveremos a nuestra vida pasada, de hecho, cada momento que pasa nos hace pensar que no lo &#8230; <\/p>\n<p class=\"read-more-container\"><a title=\"Como Manejar las P\u00e9rdidas que Hemos Tenidos Este 2020\" class=\"read-more button\" href=\"https:\/\/u-storage.com.mx\/blog\/como-manejar-las-perdidas-que-hemos-tenidos-este-2020\/#more-4676\" aria-label=\"Leer m\u00e1s sobre Como Manejar las P\u00e9rdidas que Hemos Tenidos Este 2020\">Leer m\u00e1s<\/a><\/p>\n","protected":false},"author":3,"featured_media":4681,"comment_status":"closed","ping_status":"closed","sticky":false,"template":"","format":"standard","meta":{"footnotes":""},"categories":[5],"tags":[87,88,53,105],"yoast_head":"<!-- This site is optimized with the Yoast SEO plugin v24.5 - https:\/\/yoast.com\/wordpress\/plugins\/seo\/ -->\n<title>Como Manejar las P\u00e9rdidas que Hemos Tenidos Este 2020 | Blog U-Storage<\/title>\n<meta name=\"description\" content=\"Los meses cambian y no sabemos cuando volveremos a nuestra vida pasada, por ello, hoy queremos hablar sobre c\u00f3mo podemos manejar las p\u00e9rdidas de este 2020.\" \/>\n<meta name=\"robots\" content=\"index, follow, max-snippet:-1, max-image-preview:large, max-video-preview:-1\" \/>\n<link rel=\"canonical\" href=\"https:\/\/u-storage.com.mx\/blog\/como-manejar-las-perdidas-que-hemos-tenidos-este-2020\/\" \/>\n<meta property=\"og:locale\" content=\"es_MX\" \/>\n<meta property=\"og:type\" content=\"article\" \/>\n<meta property=\"og:title\" content=\"Como Manejar las P\u00e9rdidas que Hemos Tenidos Este 2020 | Blog U-Storage\" \/>\n<meta property=\"og:description\" content=\"Los meses cambian y no sabemos cuando volveremos a nuestra vida pasada, por ello, hoy queremos hablar sobre c\u00f3mo podemos manejar las p\u00e9rdidas de este 2020.\" \/>\n<meta property=\"og:url\" content=\"https:\/\/u-storage.com.mx\/blog\/como-manejar-las-perdidas-que-hemos-tenidos-este-2020\/\" \/>\n<meta property=\"og:site_name\" content=\"Blog U-Storage\" \/>\n<meta property=\"article:publisher\" content=\"https:\/\/www.facebook.com\/ustorage\" \/>\n<meta property=\"article:published_time\" content=\"2020-08-03T16:43:18+00:00\" \/>\n<meta property=\"article:modified_time\" content=\"2023-10-19T18:47:09+00:00\" \/>\n<meta property=\"og:image\" content=\"https:\/\/u-storage.com.mx\/blog\/wp-content\/uploads\/2019\/02\/perdidas-03.jpg\" \/>\n\t<meta property=\"og:image:width\" content=\"800\" \/>\n\t<meta property=\"og:image:height\" content=\"476\" \/>\n\t<meta property=\"og:image:type\" content=\"image\/jpeg\" \/>\n<meta name=\"author\" content=\"Team U-Storage\" \/>\n<meta name=\"twitter:card\" content=\"summary_large_image\" \/>\n<meta name=\"twitter:creator\" content=\"@ustoragemx\" \/>\n<meta name=\"twitter:site\" content=\"@ustoragemx\" \/>\n<meta name=\"twitter:label1\" content=\"Escrito por\" \/>\n\t<meta name=\"twitter:data1\" content=\"Team U-Storage\" \/>\n\t<meta name=\"twitter:label2\" content=\"Tiempo de lectura\" \/>\n\t<meta name=\"twitter:data2\" content=\"9 minutos\" \/>\n<script type=\"application\/ld+json\" class=\"yoast-schema-graph\">{\"@context\":\"https:\/\/schema.org\",\"@graph\":[{\"@type\":\"Article\",\"@id\":\"https:\/\/u-storage.com.mx\/blog\/como-manejar-las-perdidas-que-hemos-tenidos-este-2020\/#article\",\"isPartOf\":{\"@id\":\"https:\/\/u-storage.com.mx\/blog\/como-manejar-las-perdidas-que-hemos-tenidos-este-2020\/\"},\"author\":{\"name\":\"Team U-Storage\",\"@id\":\"https:\/\/u-storage.com.mx\/blog\/#\/schema\/person\/608a120f11c54916febcf163a2727989\"},\"headline\":\"Como Manejar las P\u00e9rdidas que Hemos Tenidos Este 2020\",\"datePublished\":\"2020-08-03T16:43:18+00:00\",\"dateModified\":\"2023-10-19T18:47:09+00:00\",\"mainEntityOfPage\":{\"@id\":\"https:\/\/u-storage.com.mx\/blog\/como-manejar-las-perdidas-que-hemos-tenidos-este-2020\/\"},\"wordCount\":1857,\"publisher\":{\"@id\":\"https:\/\/u-storage.com.mx\/blog\/#organization\"},\"image\":{\"@id\":\"https:\/\/u-storage.com.mx\/blog\/como-manejar-las-perdidas-que-hemos-tenidos-este-2020\/#primaryimage\"},\"thumbnailUrl\":\"https:\/\/u-storage.com.mx\/blog\/wp-content\/uploads\/2019\/02\/perdidas-03.jpg\",\"keywords\":[\"coronavirus\",\"COVID-19\",\"lifehacks\",\"p\u00e9rdidas\"],\"articleSection\":[\"LifeHacks\"],\"inLanguage\":\"es\"},{\"@type\":\"WebPage\",\"@id\":\"https:\/\/u-storage.com.mx\/blog\/como-manejar-las-perdidas-que-hemos-tenidos-este-2020\/\",\"url\":\"https:\/\/u-storage.com.mx\/blog\/como-manejar-las-perdidas-que-hemos-tenidos-este-2020\/\",\"name\":\"Como Manejar las P\u00e9rdidas que Hemos Tenidos Este 2020 | Blog U-Storage\",\"isPartOf\":{\"@id\":\"https:\/\/u-storage.com.mx\/blog\/#website\"},\"primaryImageOfPage\":{\"@id\":\"https:\/\/u-storage.com.mx\/blog\/como-manejar-las-perdidas-que-hemos-tenidos-este-2020\/#primaryimage\"},\"image\":{\"@id\":\"https:\/\/u-storage.com.mx\/blog\/como-manejar-las-perdidas-que-hemos-tenidos-este-2020\/#primaryimage\"},\"thumbnailUrl\":\"https:\/\/u-storage.com.mx\/blog\/wp-content\/uploads\/2019\/02\/perdidas-03.jpg\",\"datePublished\":\"2020-08-03T16:43:18+00:00\",\"dateModified\":\"2023-10-19T18:47:09+00:00\",\"description\":\"Los meses cambian y no sabemos cuando volveremos a nuestra vida pasada, por ello, hoy queremos hablar sobre c\u00f3mo podemos manejar las p\u00e9rdidas de este 2020.\",\"inLanguage\":\"es\",\"potentialAction\":[{\"@type\":\"ReadAction\",\"target\":[\"https:\/\/u-storage.com.mx\/blog\/como-manejar-las-perdidas-que-hemos-tenidos-este-2020\/\"]}]},{\"@type\":\"ImageObject\",\"inLanguage\":\"es\",\"@id\":\"https:\/\/u-storage.com.mx\/blog\/como-manejar-las-perdidas-que-hemos-tenidos-este-2020\/#primaryimage\",\"url\":\"https:\/\/u-storage.com.mx\/blog\/wp-content\/uploads\/2019\/02\/perdidas-03.jpg\",\"contentUrl\":\"https:\/\/u-storage.com.mx\/blog\/wp-content\/uploads\/2019\/02\/perdidas-03.jpg\",\"width\":800,\"height\":476,\"caption\":\"C\u00f3mo manejar las p\u00e9rdidas\"},{\"@type\":\"WebSite\",\"@id\":\"https:\/\/u-storage.com.mx\/blog\/#website\",\"url\":\"https:\/\/u-storage.com.mx\/blog\/\",\"name\":\"Blog U-Storage\",\"description\":\"Aqu\u00ed encontrar\u00e1s informaci\u00f3n \u00fatil para tu vida, tus espacios actuales... y hasta c\u00f3mo aprovechar los nuevos!\",\"publisher\":{\"@id\":\"https:\/\/u-storage.com.mx\/blog\/#organization\"},\"potentialAction\":[{\"@type\":\"SearchAction\",\"target\":{\"@type\":\"EntryPoint\",\"urlTemplate\":\"https:\/\/u-storage.com.mx\/blog\/?s={search_term_string}\"},\"query-input\":{\"@type\":\"PropertyValueSpecification\",\"valueRequired\":true,\"valueName\":\"search_term_string\"}}],\"inLanguage\":\"es\"},{\"@type\":\"Organization\",\"@id\":\"https:\/\/u-storage.com.mx\/blog\/#organization\",\"name\":\"Blog U-Storage\",\"url\":\"https:\/\/u-storage.com.mx\/blog\/\",\"logo\":{\"@type\":\"ImageObject\",\"inLanguage\":\"es\",\"@id\":\"https:\/\/u-storage.com.mx\/blog\/#\/schema\/logo\/image\/\",\"url\":\"https:\/\/u-storage.com.mx\/blog\/wp-content\/uploads\/2024\/03\/BlogStorage-Logo.png\",\"contentUrl\":\"https:\/\/u-storage.com.mx\/blog\/wp-content\/uploads\/2024\/03\/BlogStorage-Logo.png\",\"width\":350,\"height\":73,\"caption\":\"Blog U-Storage\"},\"image\":{\"@id\":\"https:\/\/u-storage.com.mx\/blog\/#\/schema\/logo\/image\/\"},\"sameAs\":[\"https:\/\/www.facebook.com\/ustorage\",\"https:\/\/x.com\/ustoragemx\"]},{\"@type\":\"Person\",\"@id\":\"https:\/\/u-storage.com.mx\/blog\/#\/schema\/person\/608a120f11c54916febcf163a2727989\",\"name\":\"Team U-Storage\",\"image\":{\"@type\":\"ImageObject\",\"inLanguage\":\"es\",\"@id\":\"https:\/\/u-storage.com.mx\/blog\/#\/schema\/person\/image\/\",\"url\":\"https:\/\/secure.gravatar.com\/avatar\/1d7ac809a8e374c7bab9b5a189fae36b?s=96&d=mm&r=g\",\"contentUrl\":\"https:\/\/secure.gravatar.com\/avatar\/1d7ac809a8e374c7bab9b5a189fae36b?s=96&d=mm&r=g\",\"caption\":\"Team U-Storage\"},\"url\":\"https:\/\/u-storage.com.mx\/blog\/author\/ustorage\/\"}]}<\/script>\n<!-- \/ Yoast SEO plugin. -->","yoast_head_json":{"title":"Como Manejar las P\u00e9rdidas que Hemos Tenidos Este 2020 | Blog U-Storage","description":"Los meses cambian y no sabemos cuando volveremos a nuestra vida pasada, por ello, hoy queremos hablar sobre c\u00f3mo podemos manejar las p\u00e9rdidas de este 2020.","robots":{"index":"index","follow":"follow","max-snippet":"max-snippet:-1","max-image-preview":"max-image-preview:large","max-video-preview":"max-video-preview:-1"},"canonical":"https:\/\/u-storage.com.mx\/blog\/como-manejar-las-perdidas-que-hemos-tenidos-este-2020\/","og_locale":"es_MX","og_type":"article","og_title":"Como Manejar las P\u00e9rdidas que Hemos Tenidos Este 2020 | Blog U-Storage","og_description":"Los meses cambian y no sabemos cuando volveremos a nuestra vida pasada, por ello, hoy queremos hablar sobre c\u00f3mo podemos manejar las p\u00e9rdidas de este 2020.","og_url":"https:\/\/u-storage.com.mx\/blog\/como-manejar-las-perdidas-que-hemos-tenidos-este-2020\/","og_site_name":"Blog U-Storage","article_publisher":"https:\/\/www.facebook.com\/ustorage","article_published_time":"2020-08-03T16:43:18+00:00","article_modified_time":"2023-10-19T18:47:09+00:00","og_image":[{"width":800,"height":476,"url":"https:\/\/u-storage.com.mx\/blog\/wp-content\/uploads\/2019\/02\/perdidas-03.jpg","type":"image\/jpeg"}],"author":"Team U-Storage","twitter_card":"summary_large_image","twitter_creator":"@ustoragemx","twitter_site":"@ustoragemx","twitter_misc":{"Escrito por":"Team U-Storage","Tiempo de lectura":"9 minutos"},"schema":{"@context":"https:\/\/schema.org","@graph":[{"@type":"Article","@id":"https:\/\/u-storage.com.mx\/blog\/como-manejar-las-perdidas-que-hemos-tenidos-este-2020\/#article","isPartOf":{"@id":"https:\/\/u-storage.com.mx\/blog\/como-manejar-las-perdidas-que-hemos-tenidos-este-2020\/"},"author":{"name":"Team U-Storage","@id":"https:\/\/u-storage.com.mx\/blog\/#\/schema\/person\/608a120f11c54916febcf163a2727989"},"headline":"Como Manejar las P\u00e9rdidas que Hemos Tenidos Este 2020","datePublished":"2020-08-03T16:43:18+00:00","dateModified":"2023-10-19T18:47:09+00:00","mainEntityOfPage":{"@id":"https:\/\/u-storage.com.mx\/blog\/como-manejar-las-perdidas-que-hemos-tenidos-este-2020\/"},"wordCount":1857,"publisher":{"@id":"https:\/\/u-storage.com.mx\/blog\/#organization"},"image":{"@id":"https:\/\/u-storage.com.mx\/blog\/como-manejar-las-perdidas-que-hemos-tenidos-este-2020\/#primaryimage"},"thumbnailUrl":"https:\/\/u-storage.com.mx\/blog\/wp-content\/uploads\/2019\/02\/perdidas-03.jpg","keywords":["coronavirus","COVID-19","lifehacks","p\u00e9rdidas"],"articleSection":["LifeHacks"],"inLanguage":"es"},{"@type":"WebPage","@id":"https:\/\/u-storage.com.mx\/blog\/como-manejar-las-perdidas-que-hemos-tenidos-este-2020\/","url":"https:\/\/u-storage.com.mx\/blog\/como-manejar-las-perdidas-que-hemos-tenidos-este-2020\/","name":"Como Manejar las P\u00e9rdidas que Hemos Tenidos Este 2020 | Blog U-Storage","isPartOf":{"@id":"https:\/\/u-storage.com.mx\/blog\/#website"},"primaryImageOfPage":{"@id":"https:\/\/u-storage.com.mx\/blog\/como-manejar-las-perdidas-que-hemos-tenidos-este-2020\/#primaryimage"},"image":{"@id":"https:\/\/u-storage.com.mx\/blog\/como-manejar-las-perdidas-que-hemos-tenidos-este-2020\/#primaryimage"},"thumbnailUrl":"https:\/\/u-storage.com.mx\/blog\/wp-content\/uploads\/2019\/02\/perdidas-03.jpg","datePublished":"2020-08-03T16:43:18+00:00","dateModified":"2023-10-19T18:47:09+00:00","description":"Los meses cambian y no sabemos cuando volveremos a nuestra vida pasada, por ello, hoy queremos hablar sobre c\u00f3mo podemos manejar las p\u00e9rdidas de este 2020.","inLanguage":"es","potentialAction":[{"@type":"ReadAction","target":["https:\/\/u-storage.com.mx\/blog\/como-manejar-las-perdidas-que-hemos-tenidos-este-2020\/"]}]},{"@type":"ImageObject","inLanguage":"es","@id":"https:\/\/u-storage.com.mx\/blog\/como-manejar-las-perdidas-que-hemos-tenidos-este-2020\/#primaryimage","url":"https:\/\/u-storage.com.mx\/blog\/wp-content\/uploads\/2019\/02\/perdidas-03.jpg","contentUrl":"https:\/\/u-storage.com.mx\/blog\/wp-content\/uploads\/2019\/02\/perdidas-03.jpg","width":800,"height":476,"caption":"C\u00f3mo manejar las p\u00e9rdidas"},{"@type":"WebSite","@id":"https:\/\/u-storage.com.mx\/blog\/#website","url":"https:\/\/u-storage.com.mx\/blog\/","name":"Blog U-Storage","description":"Aqu\u00ed encontrar\u00e1s informaci\u00f3n \u00fatil para tu vida, tus espacios actuales... y hasta c\u00f3mo aprovechar los nuevos!","publisher":{"@id":"https:\/\/u-storage.com.mx\/blog\/#organization"},"potentialAction":[{"@type":"SearchAction","target":{"@type":"EntryPoint","urlTemplate":"https:\/\/u-storage.com.mx\/blog\/?s={search_term_string}"},"query-input":{"@type":"PropertyValueSpecification","valueRequired":true,"valueName":"search_term_string"}}],"inLanguage":"es"},{"@type":"Organization","@id":"https:\/\/u-storage.com.mx\/blog\/#organization","name":"Blog U-Storage","url":"https:\/\/u-storage.com.mx\/blog\/","logo":{"@type":"ImageObject","inLanguage":"es","@id":"https:\/\/u-storage.com.mx\/blog\/#\/schema\/logo\/image\/","url":"https:\/\/u-storage.com.mx\/blog\/wp-content\/uploads\/2024\/03\/BlogStorage-Logo.png","contentUrl":"https:\/\/u-storage.com.mx\/blog\/wp-content\/uploads\/2024\/03\/BlogStorage-Logo.png","width":350,"height":73,"caption":"Blog U-Storage"},"image":{"@id":"https:\/\/u-storage.com.mx\/blog\/#\/schema\/logo\/image\/"},"sameAs":["https:\/\/www.facebook.com\/ustorage","https:\/\/x.com\/ustoragemx"]},{"@type":"Person","@id":"https:\/\/u-storage.com.mx\/blog\/#\/schema\/person\/608a120f11c54916febcf163a2727989","name":"Team U-Storage","image":{"@type":"ImageObject","inLanguage":"es","@id":"https:\/\/u-storage.com.mx\/blog\/#\/schema\/person\/image\/","url":"https:\/\/secure.gravatar.com\/avatar\/1d7ac809a8e374c7bab9b5a189fae36b?s=96&d=mm&r=g","contentUrl":"https:\/\/secure.gravatar.com\/avatar\/1d7ac809a8e374c7bab9b5a189fae36b?s=96&d=mm&r=g","caption":"Team U-Storage"},"url":"https:\/\/u-storage.com.mx\/blog\/author\/ustorage\/"}]}},"_links":{"self":[{"href":"https:\/\/u-storage.com.mx\/blog\/wp-json\/wp\/v2\/posts\/4676"}],"collection":[{"href":"https:\/\/u-storage.com.mx\/blog\/wp-json\/wp\/v2\/posts"}],"about":[{"href":"https:\/\/u-storage.com.mx\/blog\/wp-json\/wp\/v2\/types\/post"}],"author":[{"embeddable":true,"href":"https:\/\/u-storage.com.mx\/blog\/wp-json\/wp\/v2\/users\/3"}],"replies":[{"embeddable":true,"href":"https:\/\/u-storage.com.mx\/blog\/wp-json\/wp\/v2\/comments?post=4676"}],"version-history":[{"count":1,"href":"https:\/\/u-storage.com.mx\/blog\/wp-json\/wp\/v2\/posts\/4676\/revisions"}],"predecessor-version":[{"id":8316,"href":"https:\/\/u-storage.com.mx\/blog\/wp-json\/wp\/v2\/posts\/4676\/revisions\/8316"}],"wp:featuredmedia":[{"embeddable":true,"href":"https:\/\/u-storage.com.mx\/blog\/wp-json\/wp\/v2\/media\/4681"}],"wp:attachment":[{"href":"https:\/\/u-storage.com.mx\/blog\/wp-json\/wp\/v2\/media?parent=4676"}],"wp:term":[{"taxonomy":"category","embeddable":true,"href":"https:\/\/u-storage.com.mx\/blog\/wp-json\/wp\/v2\/categories?post=4676"},{"taxonomy":"post_tag","embeddable":true,"href":"https:\/\/u-storage.com.mx\/blog\/wp-json\/wp\/v2\/tags?post=4676"}],"curies":[{"name":"wp","href":"https:\/\/api.w.org\/{rel}","templated":true}]}}