{"id":4734,"date":"2020-08-31T12:08:32","date_gmt":"2020-08-31T17:08:32","guid":{"rendered":"https:\/\/u-storage.com.mx\/blog\/?p=4734"},"modified":"2023-10-19T12:31:28","modified_gmt":"2023-10-19T18:31:28","slug":"reinventando-la-vida-fuera-de-casa","status":"publish","type":"post","link":"https:\/\/u-storage.com.mx\/blog\/reinventando-la-vida-fuera-de-casa\/","title":{"rendered":"Reinventando la Vida Fuera de Casa"},"content":{"rendered":"<p><strong>La vida hoy es completamente distinta a como la conoc\u00edamos y todo parece indicar que eso que llamamos <em>nueva normalidad<\/em> lleg\u00f3 para quedarse, no s\u00f3lo el resto de este 2020, sino por un buen rato, por eso, hoy, en U-Storage queremos hablar sobre las distintas formas en que se ha ido reinventando la vida fuera de casa.<\/strong><\/p>\n<p>&nbsp;<\/p>\n<p>Estamos entrando al \u00faltimo cuatrimestre de este particular a\u00f1o y <strong>la pandemia por la COVID-19 sigue pisando con mucha fuerza alrededor del mundo<\/strong>, de ah\u00ed que hace unos d\u00edas el director general de la Organizaci\u00f3n Mundial de la Salud (<span style=\"color: #ff6600;\"><a style=\"color: #ff6600;\" href=\"https:\/\/www.who.int\/es\" target=\"_blank\" rel=\"noopener noreferrer\">OMS<\/a><\/span>), Tedros Adhahom Ghebreyesus, declarara que, pese a que llevamos seis meses enfrentando las dificultades de la llegada de esta nueva enfermedad ha tra\u00eddo, <strong><em>\u201cno es el momento para que ning\u00fan pa\u00eds se relaje\u201d<\/em><\/strong>.<\/p>\n<p>Con m\u00e1s de 25 millones de personas contagiadas y acerc\u00e1ndonos cada vez m\u00e1s al mill\u00f3n de muertes (a nivel mundial se han registrado casi 850 mil decesos), lo cierto es que <strong>tras casi un a\u00f1o entero viviendo restricciones<\/strong>, la apertura es una realidad en pr\u00e1cticamente todo el mundo, pues <strong>incentivar la recuperaci\u00f3n econ\u00f3mica se ha vuelto una necesidad igual de importante que controlar el ritmo de contagios por coronavirus<\/strong>.<\/p>\n<p><img loading=\"lazy\" decoding=\"async\" class=\"aligncenter size-full wp-image-4737\" src=\"https:\/\/u-storage.com.mx\/blog\/wp-content\/uploads\/2019\/02\/Reapertura-01.jpg\" alt=\"Re-apertura de la Econom\u00eda\" width=\"800\" height=\"450\" \/><\/p>\n<p>Durante los \u00faltimos meses hemos visto que distintos pa\u00edses de la Uni\u00f3n Europea, Asia, adem\u00e1s de Estados Unidos, Ir\u00e1n, Costa Rica, por mencionar algunos, <strong>han puesto en marcha distintos planes para la reapertura<\/strong>, sin embargo, en la mayor\u00eda, dichas estrategias han significado el incremento de la tasa de contagio, en algunos de manera descontrolada (por ejemplo Estados Unidos) y en otros bastante m\u00e1s contenida (es el caso de Costa Rica que ha detectado un incremento muy focalizado entre trabajadores migrantes y temporales provenientes de Nicaragua).<\/p>\n<p>Y es que, conforme va pasando el tiempo, el conocimiento que tenemos del nuevo virus ha aumentado y, por tanto, <strong>las medidas de seguridad que los gobiernos van implementando van perfeccion\u00e1ndose<\/strong>, no s\u00f3lo esto, los ciudadanos de a pie tambi\u00e9n vamos adapt\u00e1ndonos a lo que significa vivir con la presencia y amenaza constante de esta enfermedad que lo mismo puede darte y no provocarte ning\u00fan s\u00edntoma que tumbarte en una cama de hospital e incluso llevarte a un desenlace realmente tr\u00e1gico.<\/p>\n<p>Los espacios p\u00fablicos se van transformando para asegurar, en la medida de lo posible, la Sana Distancia, lo mismo que nuestra forma de socializar, trabajar, salir a la calle: <strong>hoy cada vez son m\u00e1s las personas que usan el cubrebocas correctamente<\/strong>, que cargan con su alcohol en gel y ya es impensable ingresar a cualquier establecimiento o lugar cerrado sin pasar por un tapete sanitizante y control de temperatura.<\/p>\n<p>La pandemia ha venido a romper muchos paradigmas, por ejemplo, <strong>ha logrado demostrar que el <em>home office<\/em> es una alternativa realmente viable para empresas y trabajadores<\/strong>, que no significa la baja de productividad, si no todo lo contrario pues incentiva en distintos niveles a los colaboradores al tiempo que contribuye al control y disminuci\u00f3n de contagios, de ah\u00ed, que cada vez sean m\u00e1s las compa\u00f1\u00edas, grandes y peque\u00f1as, que est\u00e9n pensando en su implementaci\u00f3n permanente dentro de sus <span style=\"color: #ff6600;\"><a style=\"color: #ff6600;\" href=\"https:\/\/u-storage.com.mx\/blog\/tips-para-reestructurar-tu-negocio-exitosamente\/\">planes de reestructuraci\u00f3n<\/a><\/span> a corto, mediano y largo plazo.<\/p>\n<p><img loading=\"lazy\" decoding=\"async\" class=\"aligncenter size-full wp-image-4738\" src=\"https:\/\/u-storage.com.mx\/blog\/wp-content\/uploads\/2019\/02\/Reapertura-02.jpg\" alt=\"Home Office\" width=\"800\" height=\"498\" \/><\/p>\n<p>Pero, no s\u00f3lo la vida laboral est\u00e1 cambiando, as\u00ed que <strong>hoy queremos hablar sobre las distintas formas en que la vida va reinvent\u00e1ndose para que podamos disfrutarla y cuidarnos al mismo tiempo<\/strong>.<\/p>\n<p>&nbsp;<\/p>\n<p><strong><em>Pian, pianito: del naranja al amarillo<\/em><\/strong><\/p>\n<p>Con bastante calma y cuidado, en M\u00e9xico ya son diez los estados que han logrado transitar del color naranja al amarillo <span style=\"color: #ff6600;\"><a style=\"color: #ff6600;\" href=\"https:\/\/coronavirus.gob.mx\/semaforo\/\" target=\"_blank\" rel=\"noopener noreferrer\">dentro del sem\u00e1foro epidemiol\u00f3gico<\/a><\/span> que la Secretar\u00eda de Salud implement\u00f3 para la Fase 3 de la emergencia sanitaria que vivimos desde la llegada de la COVID-19 a nuestro pa\u00eds.<\/p>\n<p>La dependencia federal inform\u00f3 que Campeche, Chiapas, Chihuahua, Guerrero, Oaxaca, Sonora, Tabasco, Tamaulipas, Tlaxcala, y Veracruz son las entidades que se encuentran en una fase de propagaci\u00f3n moderada, <strong>esto significa que el retorno a las oficinas est\u00e1 permitido aunque se ha pedido que el personal de riesgo siga trabajando desde casa<\/strong>, adem\u00e1s, junto con el retorno de todas las actividades laborales, el color amarillo permite que todos los espacios p\u00fablicos al aire libre sean abiertos de forma normal y que los cerrados lo hagan aunque con control de aforo.<\/p>\n<p><strong>El color amarillo habla de un control mucho m\u00e1s constante del n\u00famero de contagios y casos graves<\/strong>, aunque no es, de ninguna manera, indicativo para que se relajen las medidas de higiene y cuidado b\u00e1sicas.<\/p>\n<p><img loading=\"lazy\" decoding=\"async\" class=\"aligncenter size-full wp-image-4739\" src=\"https:\/\/u-storage.com.mx\/blog\/wp-content\/uploads\/2019\/02\/Reapertura-03.jpg\" alt=\"Cubrebocas en Oficinas\" width=\"800\" height=\"533\" \/><\/p>\n<p>A punto de llegar a los 630 mil casos y las 70 mil muertes acumuladas, <span style=\"color: #ff6600;\"><a style=\"color: #ff6600;\" href=\"https:\/\/coronavirus.gob.mx\/datos\/\" target=\"_blank\" rel=\"noopener noreferrer\">los datos del gobierno<\/a><\/span> informan que hay, a nivel nacional, alrededor de 42 mil casos activos confirmados pero, todo parece indicar que la velocidad de contagio ha logrado ser reducida aunque el virus sigue estando entre nosotros.<\/p>\n<p>En la Ciudad de M\u00e9xico, por d\u00e9cima semana consecutiva nos quedamos en color naranja y (\u00a1ojo!) con una alerta pues <span style=\"color: #ff6600;\"><a style=\"color: #ff6600;\" href=\"https:\/\/semaforo.covid19.cdmx.gob.mx\/tablero\/?gclid=CjwKCAjwnK36BRBVEiwAsMT8WOLFJFq_rUjGt0xQFStB30trhbJreljFZaVas83tLvzPUa1QxRviZhoC3s8QAvD_BwE\" target=\"_blank\" rel=\"noopener noreferrer\">el n\u00famero de hospitalizaciones ha incrementado<\/a><\/span> ligeramente en estos \u00faltimos d\u00edas, as\u00ed que <strong>todos los que habitamos la capital del pa\u00eds tenemos que redoblar esfuerzos<\/strong> y cuidarnos m\u00e1s pues seguimos viviendo en una ciudad con alto riesgo de contagio.<\/p>\n<p>Alto riesgo de contagios, si, pero con ganas, muchas, de vivir, de trabajar, de socializar, as\u00ed que veamos las formas en que ir al cine, al teatro, viajar han sido repensados para estos tiempos de coronavirus.<\/p>\n<p>&nbsp;<\/p>\n<p><strong><em>Reinventando mis salidas<\/em><\/strong><\/p>\n<p>Desde hace un par de meses hemos visto como la nueva normalidad ha ido instal\u00e1ndose en nuestra vida, <strong>poco a poco m\u00e1s y m\u00e1s actividades se han reactivado<\/strong>: ir de <em>shopping<\/em> a centros comerciales, comer en alg\u00fan restaurante, realizar tr\u00e1mites presenciales, en agosto, el cine, los museos y finalmente, el teatro abrieron sus puertas, pero, \u00bfqu\u00e9 significa ir a estos lugares de esparcimiento en este momento?<\/p>\n<p><img loading=\"lazy\" decoding=\"async\" class=\"aligncenter size-full wp-image-4740\" src=\"https:\/\/u-storage.com.mx\/blog\/wp-content\/uploads\/2019\/02\/Reapertura-04.jpg\" alt=\"Museos Abren sus Puertas\" width=\"800\" height=\"541\" \/><\/p>\n<p>En primero lugar, asistir siempre con cubrebocas y, si uno lo prefiere, careta, adem\u00e1s se deber\u00e1 pasar por filtros sanitarios para la toma de temperatura y limpieza de suela de zapatos.<\/p>\n<p>Abiertos desde el 11 de agosto, <strong>los museos en la Ciudad de M\u00e9xico trazaron nuevas reglas para todos aquellos que quieran cultivarse en sus salas<\/strong>, hoy ya no esta permitido asistir en grupos grandes, en la <span style=\"color: #ff6600;\"><a style=\"color: #ff6600;\" href=\"https:\/\/contigoenladistancia.cultura.gob.mx\/assets\/uploads\/blog\/documentos\/guia-reapertura-espacios-ok.pdf\" target=\"_blank\" rel=\"noopener noreferrer\">Gu\u00eda B\u00e1sica para la Reapertura de Espacios Culturales<\/a><\/span> que el gobierno ha difundido se pide no asistir en grupos mayores de cuatro personas.<\/p>\n<p>Con un aforo del 45%, los asistentes a cualquier museo no podr\u00e1n pasar horas dentro, tampoco podr\u00e1n realizar el recorrido como ellos quieran pues se han colocado flechas que indican como se debe de fluir para evitar las aglomeraciones y fomentar la Sana Distancia. Las audiogu\u00edas, folletos y guardaropas ya no formaran parte de los servicios que ofrezca el museo, tampoco, al menos por el momento, habr\u00e1 talleres ni pl\u00e1ticas a menos de que el recinto cuente con un auditorio que permita que los asistentes a dichas conferencias conserven la Sana Distancia.<\/p>\n<p>Un d\u00eda despu\u00e9s de los museos, el 12 de agosto, <strong>los cines capitalinos tambi\u00e9n pudieron recibir a los cin\u00e9filos que extra\u00f1aban ver una pel\u00edcula a la vieja usanza<\/strong>. Las medidas que los cines est\u00e1n implementando incluyen un aforo m\u00e1ximo del 30% por sala, la compra de boletos v\u00eda remota, el uso en todo momento de cubrebocas, colocaci\u00f3n de filtros sanitizantes, flechas de circulaci\u00f3n, as\u00ed como la se\u00f1alizaci\u00f3n de butacas que permitan la Sana Distancia.<\/p>\n<p><img loading=\"lazy\" decoding=\"async\" class=\"aligncenter size-full wp-image-4741\" src=\"https:\/\/u-storage.com.mx\/blog\/wp-content\/uploads\/2019\/02\/Reapertura-05.jpg\" alt=\"Cines y Teatros durante COVID-19\" width=\"800\" height=\"565\" srcset=\"https:\/\/u-storage.com.mx\/blog\/wp-content\/uploads\/2019\/02\/Reapertura-05.jpg 800w, https:\/\/u-storage.com.mx\/blog\/wp-content\/uploads\/2019\/02\/Reapertura-05-300x212.jpg 300w, https:\/\/u-storage.com.mx\/blog\/wp-content\/uploads\/2019\/02\/Reapertura-05-600x424.jpg 600w, https:\/\/u-storage.com.mx\/blog\/wp-content\/uploads\/2019\/02\/Reapertura-05-768x542.jpg 768w\" sizes=\"(max-width: 800px) 100vw, 800px\" \/><\/p>\n<p><strong>Los espacios teatrales demoraron un poco m\u00e1s en abrir<\/strong> pues se ten\u00edan que trazar los lineamientos necesarios para permitir el trabajo de los actores (que suelen hablar en voz muy alta y por tanto expulsar got\u00edculas de saliva) sin poner en riesgo a ninguna persona. Las reglas incluyen la cancelaci\u00f3n de las dos primeras filas as\u00ed como el uso de orquestas en vivo (toda la m\u00fasica tendr\u00e1 que ser grabada), adem\u00e1s se ha pedido que se apliquen pruebas semanales al 3% del personal que deber\u00e1 usar cubrebocas y careta cuando atienda al p\u00fablico.<\/p>\n<p>Tanto en cines, como en teatros y museos, el uso de aire acondicionado est\u00e1 prohibido.<\/p>\n<p><strong>Para aquellos que quieran viajar<\/strong>,<strong> hacerlo al interior de la Rep\u00fablica Mexicana es una buena manera de ayudar a reactivar aquellas econom\u00edas locales que dependen mucho del turismo<\/strong> y que la han pasado realmente mal debido a esta pandemia, sin embargo, no hay que olvidar que si uno visita peque\u00f1as ciudades o Pueblos M\u00e1gicos se deben extremar precauciones, ir s\u00f3lo si estamos realmente seguros de estar sanos pues podemos ser la v\u00eda de entrada de un brote y estos lugares suelen contar una infraestructura de salud reducida que podr\u00eda verse rebasada e incapaz de atender a la poblaci\u00f3n.<\/p>\n<p>Siempre que visitemos alg\u00fan lugar, incluso dentro de los espacios p\u00fabicos del hotel, no olvidemos el uso del cubrebocas y la careta, llevemos gel antibacterial, procuremos lavarnos las manos constantemente y no seamos imprudentes, se vale viajar, claro, pero sin olvidar el contexto en que lo hacemos as\u00ed que <strong>evitemos los tumultos<\/strong>, los malos comportamientos.<\/p>\n<p>Para aquellos turistas internacionales, seguramente ya saben que <strong>el uso de cubrebocas es fundamental durante los vuelos<\/strong> (incluyendo los nacionales), de hecho, se recomienda usar los de m\u00e1xima seguridad, es decir el NK45 y N95 o bien aquellos que tengan de tres a seis capas, durante todo el vuelo salvo cuando sea el momento de comer, esto sobre todo en vuelos muy largos, en caso de que vueles poco tiempo, tal vez sea mejor que ingieras alg\u00fan alimento previo a tu viaje y te hidrates bien para que puedas abstenerte de retirarte el cubrebocas durante el tiempo de tu traslado.<\/p>\n<p>Muchos son los pa\u00edses que han cerrado fronteras o activado ciertas medidas restrictivas para aquellos que ingresan ya sea por trabajo o por turismo as\u00ed que <span style=\"color: #ff6600;\"><a style=\"color: #ff6600;\" href=\"https:\/\/guiadelviajero.sre.gob.mx\/\" target=\"_blank\" rel=\"noopener noreferrer\">lo mejor que puedes hacer si est\u00e1s planeando un viaje es visitar la p\u00e1gina que la Secretar\u00eda de Relaciones Exteriores ha puesto en marcha para checar puntualmente las reglas que el pa\u00eds al que viajas a activado<\/a><\/span>.<\/p>\n<p><img loading=\"lazy\" decoding=\"async\" class=\"aligncenter size-full wp-image-4742\" src=\"https:\/\/u-storage.com.mx\/blog\/wp-content\/uploads\/2019\/02\/Reapertura-06.jpg\" alt=\"Vuelos durante Pandemia\" width=\"800\" height=\"420\" \/><\/p>\n<p>Como puedes ver, en estos momentos, <strong>ya podemos realizar una amplia gama de actividades fuera de casa<\/strong>, eso si, con mucho cuidado y sin olvidar que a\u00fan no ganamos la batalla por lo que pasar el mayor tiempo posible en casa sigue siendo prioritario.<\/p>\n<p>Cuando pienses en alguna salida, plan\u00e9ala bien, tal vez convenga que la hagas en horarios que sepas no son muy concurridos, que te aventures a realizar tus idas al cien o al teatro solito o con un amigo, <strong>recordando siempre el gran poder que tenemos para cambiar las cosas y ser parte de la soluci\u00f3n y no del problema<\/strong>.<\/p>\n<p>&nbsp;<\/p>\n<hr \/>\n<p>&nbsp;<\/p>\n<p>En caso de que lo que te urja sea reunirte con tu familia o amigos, por ac\u00e1 te dejamos la <span style=\"color: #ff6600;\"><a style=\"color: #ff6600;\" href=\"https:\/\/u-storage.com.mx\/blog\/guia-para-que-reunirte-con-amigos-y-familiares-sea-seguro\/\">gu\u00eda para que socializar<\/a><\/span> con ellos sea seguro para todos.<\/p>\n<p>&nbsp;<\/p>\n","protected":false},"excerpt":{"rendered":"<p>La vida hoy es completamente distinta a como la conoc\u00edamos y todo parece indicar que eso que llamamos nueva normalidad lleg\u00f3 para quedarse, no s\u00f3lo el resto de este 2020, &#8230; <\/p>\n<p class=\"read-more-container\"><a title=\"Reinventando la Vida Fuera de Casa\" class=\"read-more button\" href=\"https:\/\/u-storage.com.mx\/blog\/reinventando-la-vida-fuera-de-casa\/#more-4734\" aria-label=\"Leer m\u00e1s sobre Reinventando la Vida Fuera de Casa\">Leer m\u00e1s<\/a><\/p>\n","protected":false},"author":3,"featured_media":4741,"comment_status":"closed","ping_status":"closed","sticky":false,"template":"","format":"standard","meta":{"footnotes":""},"categories":[10],"tags":[22,87,88,177,53,11],"yoast_head":"<!-- This site is optimized with the Yoast SEO plugin v24.5 - https:\/\/yoast.com\/wordpress\/plugins\/seo\/ -->\n<title>Reinventando la Vida Fuera de Casa | Blog U-Storage Renta de Mini-bodegas<\/title>\n<meta name=\"description\" content=\"La vida hoy es completamente distinta a como la conoc\u00edamos y todo parece indicar que eso que llamamos nueva normalidad lleg\u00f3 para quedarse.\" \/>\n<meta name=\"robots\" content=\"index, follow, max-snippet:-1, max-image-preview:large, max-video-preview:-1\" \/>\n<link rel=\"canonical\" href=\"https:\/\/u-storage.com.mx\/blog\/reinventando-la-vida-fuera-de-casa\/\" \/>\n<meta property=\"og:locale\" content=\"es_MX\" \/>\n<meta property=\"og:type\" content=\"article\" \/>\n<meta property=\"og:title\" content=\"Reinventando la Vida Fuera de Casa | Blog U-Storage Renta de Mini-bodegas\" \/>\n<meta property=\"og:description\" content=\"La vida hoy es completamente distinta a como la conoc\u00edamos y todo parece indicar que eso que llamamos nueva normalidad lleg\u00f3 para quedarse.\" \/>\n<meta property=\"og:url\" content=\"https:\/\/u-storage.com.mx\/blog\/reinventando-la-vida-fuera-de-casa\/\" \/>\n<meta property=\"og:site_name\" content=\"Blog U-Storage\" \/>\n<meta property=\"article:publisher\" content=\"https:\/\/www.facebook.com\/ustorage\" \/>\n<meta property=\"article:published_time\" content=\"2020-08-31T17:08:32+00:00\" \/>\n<meta property=\"article:modified_time\" content=\"2023-10-19T18:31:28+00:00\" \/>\n<meta property=\"og:image\" content=\"https:\/\/u-storage.com.mx\/blog\/wp-content\/uploads\/2019\/02\/Reapertura-05.jpg\" \/>\n\t<meta property=\"og:image:width\" content=\"800\" \/>\n\t<meta property=\"og:image:height\" content=\"565\" \/>\n\t<meta property=\"og:image:type\" content=\"image\/jpeg\" \/>\n<meta name=\"author\" content=\"Team U-Storage\" \/>\n<meta name=\"twitter:card\" content=\"summary_large_image\" \/>\n<meta name=\"twitter:creator\" content=\"@ustoragemx\" \/>\n<meta name=\"twitter:site\" content=\"@ustoragemx\" \/>\n<meta name=\"twitter:label1\" content=\"Escrito por\" \/>\n\t<meta name=\"twitter:data1\" content=\"Team U-Storage\" \/>\n\t<meta name=\"twitter:label2\" content=\"Tiempo de lectura\" \/>\n\t<meta name=\"twitter:data2\" content=\"9 minutos\" \/>\n<script type=\"application\/ld+json\" class=\"yoast-schema-graph\">{\"@context\":\"https:\/\/schema.org\",\"@graph\":[{\"@type\":\"Article\",\"@id\":\"https:\/\/u-storage.com.mx\/blog\/reinventando-la-vida-fuera-de-casa\/#article\",\"isPartOf\":{\"@id\":\"https:\/\/u-storage.com.mx\/blog\/reinventando-la-vida-fuera-de-casa\/\"},\"author\":{\"name\":\"Team U-Storage\",\"@id\":\"https:\/\/u-storage.com.mx\/blog\/#\/schema\/person\/608a120f11c54916febcf163a2727989\"},\"headline\":\"Reinventando la Vida Fuera de Casa\",\"datePublished\":\"2020-08-31T17:08:32+00:00\",\"dateModified\":\"2023-10-19T18:31:28+00:00\",\"mainEntityOfPage\":{\"@id\":\"https:\/\/u-storage.com.mx\/blog\/reinventando-la-vida-fuera-de-casa\/\"},\"wordCount\":1873,\"publisher\":{\"@id\":\"https:\/\/u-storage.com.mx\/blog\/#organization\"},\"image\":{\"@id\":\"https:\/\/u-storage.com.mx\/blog\/reinventando-la-vida-fuera-de-casa\/#primaryimage\"},\"thumbnailUrl\":\"https:\/\/u-storage.com.mx\/blog\/wp-content\/uploads\/2019\/02\/Reapertura-05.jpg\",\"keywords\":[\"cdmx\",\"coronavirus\",\"COVID-19\",\"cultura\",\"lifehacks\",\"lifestyle\"],\"articleSection\":[\"Lifestyle\"],\"inLanguage\":\"es\"},{\"@type\":\"WebPage\",\"@id\":\"https:\/\/u-storage.com.mx\/blog\/reinventando-la-vida-fuera-de-casa\/\",\"url\":\"https:\/\/u-storage.com.mx\/blog\/reinventando-la-vida-fuera-de-casa\/\",\"name\":\"Reinventando la Vida Fuera de Casa | Blog U-Storage Renta de Mini-bodegas\",\"isPartOf\":{\"@id\":\"https:\/\/u-storage.com.mx\/blog\/#website\"},\"primaryImageOfPage\":{\"@id\":\"https:\/\/u-storage.com.mx\/blog\/reinventando-la-vida-fuera-de-casa\/#primaryimage\"},\"image\":{\"@id\":\"https:\/\/u-storage.com.mx\/blog\/reinventando-la-vida-fuera-de-casa\/#primaryimage\"},\"thumbnailUrl\":\"https:\/\/u-storage.com.mx\/blog\/wp-content\/uploads\/2019\/02\/Reapertura-05.jpg\",\"datePublished\":\"2020-08-31T17:08:32+00:00\",\"dateModified\":\"2023-10-19T18:31:28+00:00\",\"description\":\"La vida hoy es completamente distinta a como la conoc\u00edamos y todo parece indicar que eso que llamamos nueva normalidad lleg\u00f3 para quedarse.\",\"inLanguage\":\"es\",\"potentialAction\":[{\"@type\":\"ReadAction\",\"target\":[\"https:\/\/u-storage.com.mx\/blog\/reinventando-la-vida-fuera-de-casa\/\"]}]},{\"@type\":\"ImageObject\",\"inLanguage\":\"es\",\"@id\":\"https:\/\/u-storage.com.mx\/blog\/reinventando-la-vida-fuera-de-casa\/#primaryimage\",\"url\":\"https:\/\/u-storage.com.mx\/blog\/wp-content\/uploads\/2019\/02\/Reapertura-05.jpg\",\"contentUrl\":\"https:\/\/u-storage.com.mx\/blog\/wp-content\/uploads\/2019\/02\/Reapertura-05.jpg\",\"width\":800,\"height\":565,\"caption\":\"La vida fuera de casa\"},{\"@type\":\"WebSite\",\"@id\":\"https:\/\/u-storage.com.mx\/blog\/#website\",\"url\":\"https:\/\/u-storage.com.mx\/blog\/\",\"name\":\"Blog U-Storage\",\"description\":\"Aqu\u00ed encontrar\u00e1s informaci\u00f3n \u00fatil para tu vida, tus espacios actuales... y hasta c\u00f3mo aprovechar los nuevos!\",\"publisher\":{\"@id\":\"https:\/\/u-storage.com.mx\/blog\/#organization\"},\"potentialAction\":[{\"@type\":\"SearchAction\",\"target\":{\"@type\":\"EntryPoint\",\"urlTemplate\":\"https:\/\/u-storage.com.mx\/blog\/?s={search_term_string}\"},\"query-input\":{\"@type\":\"PropertyValueSpecification\",\"valueRequired\":true,\"valueName\":\"search_term_string\"}}],\"inLanguage\":\"es\"},{\"@type\":\"Organization\",\"@id\":\"https:\/\/u-storage.com.mx\/blog\/#organization\",\"name\":\"Blog U-Storage\",\"url\":\"https:\/\/u-storage.com.mx\/blog\/\",\"logo\":{\"@type\":\"ImageObject\",\"inLanguage\":\"es\",\"@id\":\"https:\/\/u-storage.com.mx\/blog\/#\/schema\/logo\/image\/\",\"url\":\"https:\/\/u-storage.com.mx\/blog\/wp-content\/uploads\/2024\/03\/BlogStorage-Logo.png\",\"contentUrl\":\"https:\/\/u-storage.com.mx\/blog\/wp-content\/uploads\/2024\/03\/BlogStorage-Logo.png\",\"width\":350,\"height\":73,\"caption\":\"Blog U-Storage\"},\"image\":{\"@id\":\"https:\/\/u-storage.com.mx\/blog\/#\/schema\/logo\/image\/\"},\"sameAs\":[\"https:\/\/www.facebook.com\/ustorage\",\"https:\/\/x.com\/ustoragemx\"]},{\"@type\":\"Person\",\"@id\":\"https:\/\/u-storage.com.mx\/blog\/#\/schema\/person\/608a120f11c54916febcf163a2727989\",\"name\":\"Team U-Storage\",\"image\":{\"@type\":\"ImageObject\",\"inLanguage\":\"es\",\"@id\":\"https:\/\/u-storage.com.mx\/blog\/#\/schema\/person\/image\/\",\"url\":\"https:\/\/secure.gravatar.com\/avatar\/1d7ac809a8e374c7bab9b5a189fae36b?s=96&d=mm&r=g\",\"contentUrl\":\"https:\/\/secure.gravatar.com\/avatar\/1d7ac809a8e374c7bab9b5a189fae36b?s=96&d=mm&r=g\",\"caption\":\"Team U-Storage\"},\"url\":\"https:\/\/u-storage.com.mx\/blog\/author\/ustorage\/\"}]}<\/script>\n<!-- \/ Yoast SEO plugin. -->","yoast_head_json":{"title":"Reinventando la Vida Fuera de Casa | Blog U-Storage Renta de Mini-bodegas","description":"La vida hoy es completamente distinta a como la conoc\u00edamos y todo parece indicar que eso que llamamos nueva normalidad lleg\u00f3 para quedarse.","robots":{"index":"index","follow":"follow","max-snippet":"max-snippet:-1","max-image-preview":"max-image-preview:large","max-video-preview":"max-video-preview:-1"},"canonical":"https:\/\/u-storage.com.mx\/blog\/reinventando-la-vida-fuera-de-casa\/","og_locale":"es_MX","og_type":"article","og_title":"Reinventando la Vida Fuera de Casa | Blog U-Storage Renta de Mini-bodegas","og_description":"La vida hoy es completamente distinta a como la conoc\u00edamos y todo parece indicar que eso que llamamos nueva normalidad lleg\u00f3 para quedarse.","og_url":"https:\/\/u-storage.com.mx\/blog\/reinventando-la-vida-fuera-de-casa\/","og_site_name":"Blog U-Storage","article_publisher":"https:\/\/www.facebook.com\/ustorage","article_published_time":"2020-08-31T17:08:32+00:00","article_modified_time":"2023-10-19T18:31:28+00:00","og_image":[{"width":800,"height":565,"url":"https:\/\/u-storage.com.mx\/blog\/wp-content\/uploads\/2019\/02\/Reapertura-05.jpg","type":"image\/jpeg"}],"author":"Team U-Storage","twitter_card":"summary_large_image","twitter_creator":"@ustoragemx","twitter_site":"@ustoragemx","twitter_misc":{"Escrito por":"Team U-Storage","Tiempo de lectura":"9 minutos"},"schema":{"@context":"https:\/\/schema.org","@graph":[{"@type":"Article","@id":"https:\/\/u-storage.com.mx\/blog\/reinventando-la-vida-fuera-de-casa\/#article","isPartOf":{"@id":"https:\/\/u-storage.com.mx\/blog\/reinventando-la-vida-fuera-de-casa\/"},"author":{"name":"Team U-Storage","@id":"https:\/\/u-storage.com.mx\/blog\/#\/schema\/person\/608a120f11c54916febcf163a2727989"},"headline":"Reinventando la Vida Fuera de Casa","datePublished":"2020-08-31T17:08:32+00:00","dateModified":"2023-10-19T18:31:28+00:00","mainEntityOfPage":{"@id":"https:\/\/u-storage.com.mx\/blog\/reinventando-la-vida-fuera-de-casa\/"},"wordCount":1873,"publisher":{"@id":"https:\/\/u-storage.com.mx\/blog\/#organization"},"image":{"@id":"https:\/\/u-storage.com.mx\/blog\/reinventando-la-vida-fuera-de-casa\/#primaryimage"},"thumbnailUrl":"https:\/\/u-storage.com.mx\/blog\/wp-content\/uploads\/2019\/02\/Reapertura-05.jpg","keywords":["cdmx","coronavirus","COVID-19","cultura","lifehacks","lifestyle"],"articleSection":["Lifestyle"],"inLanguage":"es"},{"@type":"WebPage","@id":"https:\/\/u-storage.com.mx\/blog\/reinventando-la-vida-fuera-de-casa\/","url":"https:\/\/u-storage.com.mx\/blog\/reinventando-la-vida-fuera-de-casa\/","name":"Reinventando la Vida Fuera de Casa | Blog U-Storage Renta de Mini-bodegas","isPartOf":{"@id":"https:\/\/u-storage.com.mx\/blog\/#website"},"primaryImageOfPage":{"@id":"https:\/\/u-storage.com.mx\/blog\/reinventando-la-vida-fuera-de-casa\/#primaryimage"},"image":{"@id":"https:\/\/u-storage.com.mx\/blog\/reinventando-la-vida-fuera-de-casa\/#primaryimage"},"thumbnailUrl":"https:\/\/u-storage.com.mx\/blog\/wp-content\/uploads\/2019\/02\/Reapertura-05.jpg","datePublished":"2020-08-31T17:08:32+00:00","dateModified":"2023-10-19T18:31:28+00:00","description":"La vida hoy es completamente distinta a como la conoc\u00edamos y todo parece indicar que eso que llamamos nueva normalidad lleg\u00f3 para quedarse.","inLanguage":"es","potentialAction":[{"@type":"ReadAction","target":["https:\/\/u-storage.com.mx\/blog\/reinventando-la-vida-fuera-de-casa\/"]}]},{"@type":"ImageObject","inLanguage":"es","@id":"https:\/\/u-storage.com.mx\/blog\/reinventando-la-vida-fuera-de-casa\/#primaryimage","url":"https:\/\/u-storage.com.mx\/blog\/wp-content\/uploads\/2019\/02\/Reapertura-05.jpg","contentUrl":"https:\/\/u-storage.com.mx\/blog\/wp-content\/uploads\/2019\/02\/Reapertura-05.jpg","width":800,"height":565,"caption":"La vida fuera de casa"},{"@type":"WebSite","@id":"https:\/\/u-storage.com.mx\/blog\/#website","url":"https:\/\/u-storage.com.mx\/blog\/","name":"Blog U-Storage","description":"Aqu\u00ed encontrar\u00e1s informaci\u00f3n \u00fatil para tu vida, tus espacios actuales... y hasta c\u00f3mo aprovechar los nuevos!","publisher":{"@id":"https:\/\/u-storage.com.mx\/blog\/#organization"},"potentialAction":[{"@type":"SearchAction","target":{"@type":"EntryPoint","urlTemplate":"https:\/\/u-storage.com.mx\/blog\/?s={search_term_string}"},"query-input":{"@type":"PropertyValueSpecification","valueRequired":true,"valueName":"search_term_string"}}],"inLanguage":"es"},{"@type":"Organization","@id":"https:\/\/u-storage.com.mx\/blog\/#organization","name":"Blog U-Storage","url":"https:\/\/u-storage.com.mx\/blog\/","logo":{"@type":"ImageObject","inLanguage":"es","@id":"https:\/\/u-storage.com.mx\/blog\/#\/schema\/logo\/image\/","url":"https:\/\/u-storage.com.mx\/blog\/wp-content\/uploads\/2024\/03\/BlogStorage-Logo.png","contentUrl":"https:\/\/u-storage.com.mx\/blog\/wp-content\/uploads\/2024\/03\/BlogStorage-Logo.png","width":350,"height":73,"caption":"Blog U-Storage"},"image":{"@id":"https:\/\/u-storage.com.mx\/blog\/#\/schema\/logo\/image\/"},"sameAs":["https:\/\/www.facebook.com\/ustorage","https:\/\/x.com\/ustoragemx"]},{"@type":"Person","@id":"https:\/\/u-storage.com.mx\/blog\/#\/schema\/person\/608a120f11c54916febcf163a2727989","name":"Team U-Storage","image":{"@type":"ImageObject","inLanguage":"es","@id":"https:\/\/u-storage.com.mx\/blog\/#\/schema\/person\/image\/","url":"https:\/\/secure.gravatar.com\/avatar\/1d7ac809a8e374c7bab9b5a189fae36b?s=96&d=mm&r=g","contentUrl":"https:\/\/secure.gravatar.com\/avatar\/1d7ac809a8e374c7bab9b5a189fae36b?s=96&d=mm&r=g","caption":"Team U-Storage"},"url":"https:\/\/u-storage.com.mx\/blog\/author\/ustorage\/"}]}},"_links":{"self":[{"href":"https:\/\/u-storage.com.mx\/blog\/wp-json\/wp\/v2\/posts\/4734"}],"collection":[{"href":"https:\/\/u-storage.com.mx\/blog\/wp-json\/wp\/v2\/posts"}],"about":[{"href":"https:\/\/u-storage.com.mx\/blog\/wp-json\/wp\/v2\/types\/post"}],"author":[{"embeddable":true,"href":"https:\/\/u-storage.com.mx\/blog\/wp-json\/wp\/v2\/users\/3"}],"replies":[{"embeddable":true,"href":"https:\/\/u-storage.com.mx\/blog\/wp-json\/wp\/v2\/comments?post=4734"}],"version-history":[{"count":1,"href":"https:\/\/u-storage.com.mx\/blog\/wp-json\/wp\/v2\/posts\/4734\/revisions"}],"predecessor-version":[{"id":8312,"href":"https:\/\/u-storage.com.mx\/blog\/wp-json\/wp\/v2\/posts\/4734\/revisions\/8312"}],"wp:featuredmedia":[{"embeddable":true,"href":"https:\/\/u-storage.com.mx\/blog\/wp-json\/wp\/v2\/media\/4741"}],"wp:attachment":[{"href":"https:\/\/u-storage.com.mx\/blog\/wp-json\/wp\/v2\/media?parent=4734"}],"wp:term":[{"taxonomy":"category","embeddable":true,"href":"https:\/\/u-storage.com.mx\/blog\/wp-json\/wp\/v2\/categories?post=4734"},{"taxonomy":"post_tag","embeddable":true,"href":"https:\/\/u-storage.com.mx\/blog\/wp-json\/wp\/v2\/tags?post=4734"}],"curies":[{"name":"wp","href":"https:\/\/api.w.org\/{rel}","templated":true}]}}