{"id":5235,"date":"2020-12-21T12:27:22","date_gmt":"2020-12-21T18:27:22","guid":{"rendered":"https:\/\/u-storage.com.mx\/blog\/?p=5235"},"modified":"2023-10-03T13:57:36","modified_gmt":"2023-10-03T19:57:36","slug":"navidad-en-tiempos-de-coronavirus","status":"publish","type":"post","link":"https:\/\/u-storage.com.mx\/blog\/navidad-en-tiempos-de-coronavirus\/","title":{"rendered":"Navidad en Tiempos de Coronavirus"},"content":{"rendered":"<p><strong>La temporada navide\u00f1a ha llegado y, como todo este 2020, lo hace en el marco de la pandemia de COVID-19, as\u00ed que ninguna celebraci\u00f3n podr\u00e1 ser como antes, por eso, hoy queremos hablar de la Navidad en tiempos de coronavirus.<\/strong><\/p>\n<p>&nbsp;<\/p>\n<p>Cada a\u00f1o, <strong>las fiestas navide\u00f1as nos llenan de alegr\u00eda, generosidad y ganas de celebrar<\/strong>, claro, tambi\u00e9n de estr\u00e9s por que solemos tener altas expectativas sobre la forma en que vamos a pasarla, pero, durante este a\u00f1o de pandemia, debemos de sumar la incertidumbre y el miedo que nos genera la crisis que como humanidad enfrentamos.<\/p>\n<p>Gobiernos y expertos han se\u00f1alado que <strong>las fiestas podr\u00edan incrementar una nueva ola de contagios masivos<\/strong>, de hecho, esto ya est\u00e1 ocurriendo por lo que autoridades de casi todo el mundo han comenzado a establecer medidas realmente estrictas para contenerlos y de esta manera reducir no s\u00f3lo los casos si no tambi\u00e9n las hospitalizaciones y los fallecimientos.<\/p>\n<p><img loading=\"lazy\" decoding=\"async\" class=\"aligncenter size-full wp-image-5237\" src=\"https:\/\/u-storage.com.mx\/blog\/wp-content\/uploads\/2019\/02\/navidad_2020-01.jpg\" alt=\"Navidad COVID-19\" width=\"800\" height=\"451\" \/><\/p>\n<p><strong>La Navidad significa alegr\u00eda y convivencia<\/strong> pero, \u00bfqu\u00e9 pasa cuando una nueva enfermedad aparece y cobra la vida de de m\u00e1s de un mill\u00f3n de personas en menos de un a\u00f1o? Pasa que <strong>todos debemos de hacer un gran esfuerzo y sacrificar nuestros tradicionales festejos<\/strong>.<\/p>\n<p>Con m\u00e1s de 1 mill\u00f3n 320 mil casos positivos y cerca de 120 mil decesos, hoy, pr\u00e1cticamente <strong>todos los habitantes de M\u00e9xico han sido impactados<\/strong>, de una u otra manera, por el coronavirus: algunos hemos enfermado, otros han perdido la batalla, otros m\u00e1s se debaten entre la vida y la muerte en estos instantes. Miles de profesionales de la salud <span style=\"color: #ff6600;\"><a style=\"color: #ff6600;\" href=\"https:\/\/www.proceso.com.mx\/reportajes\/2020\/12\/19\/los-medicos-al-limite-254879.html\" target=\"_blank\" rel=\"noopener noreferrer\">est\u00e1n exhaustos<\/a><\/span>, no se dan abasto pues al desgaste f\u00edsico que significa los turnos interminables, se suma el emocional.<\/p>\n<p>Con una tendencia al alza en el <span style=\"color: #ff6600;\"><a style=\"color: #ff6600;\" href=\"https:\/\/datos.covid-19.conacyt.mx\/\" target=\"_blank\" rel=\"noopener noreferrer\">n\u00famero de contagios<\/a><\/span> en estados como Chihuahua, Coahuila, Nuevo Le\u00f3n, Zacatecas, Aguascalientes, Durango y Quer\u00e9taro, el <span style=\"color: #ff6600;\"><a style=\"color: #ff6600;\" href=\"https:\/\/coronavirus.gob.mx\/semaforo\/\" target=\"_blank\" rel=\"noopener noreferrer\">sem\u00e1foro epidemiol\u00f3gico<\/a><\/span> para la temporada navide\u00f1a se\u00f1ala que hay tres estados en color rojo: <strong>Baja California, Estado de M\u00e9xico y Ciudad de M\u00e9xico<\/strong>.<\/p>\n<p>Las tres entidades han vuelto a las medidas de prevenci\u00f3n m\u00e1s estrictas y <strong>s\u00f3lo las actividades esenciales podr\u00e1n continuar en el per\u00edodo que abarca del 19 de diciembre de 2020 al 10 de enero de 2021<\/strong>.<\/p>\n<p>Esto significa que los restaurantes s\u00f3lo podr\u00e1n ofrecer servicio a domicilio o para llevar, los centros comerciales, gimnasios, teatros, incluso los parques y plazas p\u00fablicas deber\u00e1n cerrar y <strong>todos debemos de permanecer el mayor tiempo posible en casa<\/strong>.<\/p>\n<p>\u00bfY las fiestas? En casa tambi\u00e9n y s\u00f3lo en compa\u00f1\u00eda de las personas con las que convivimos a diario, no hay de otra, <strong>este a\u00f1o las reuniones familiares y de amigos deben de suspenderse de manera presencial y trasladarse al mundo virtual<\/strong>.<\/p>\n<p><img loading=\"lazy\" decoding=\"async\" class=\"aligncenter size-full wp-image-5238\" src=\"https:\/\/u-storage.com.mx\/blog\/wp-content\/uploads\/2019\/02\/navidad_2020-02.jpg\" alt=\"Navidad en Pandemia\" width=\"800\" height=\"480\" srcset=\"https:\/\/u-storage.com.mx\/blog\/wp-content\/uploads\/2019\/02\/navidad_2020-02.jpg 800w, https:\/\/u-storage.com.mx\/blog\/wp-content\/uploads\/2019\/02\/navidad_2020-02-300x180.jpg 300w, https:\/\/u-storage.com.mx\/blog\/wp-content\/uploads\/2019\/02\/navidad_2020-02-600x360.jpg 600w, https:\/\/u-storage.com.mx\/blog\/wp-content\/uploads\/2019\/02\/navidad_2020-02-768x461.jpg 768w\" sizes=\"(max-width: 800px) 100vw, 800px\" \/><\/p>\n<p>Y habr\u00e1 sanciones para quienes no cumplan, al menos en el Valle de M\u00e9xico, donde <strong>se han establecido multas de hasta 18 mil pesos a quienes realicen encuentros sociales de m\u00e1s de diez personas<\/strong>.<\/p>\n<p>Unidos, aunque a la distancia, <strong>debemos romper la cadena de contagios<\/strong>, los hospitales est\u00e1n a punto de colapsar y tenemos que privilegiar la salud y el bienestar de todos.<\/p>\n<p>Las medidas son muy claras y a estas alturas, todos deber\u00edamos de aplicarlas: no salir m\u00e1s que a lo necesario y siempre hacerlo con cubrebocas y manteniendo la sana distancia. En caso de experimentar s\u00edntomas, aislarnos y llamar a Locatel (5556-5911) o bien, al n\u00famero 800 2222 668 que el IMSS ha puesto a disposici\u00f3n de la poblaci\u00f3n de todo el pa\u00eds.<\/p>\n<p>&nbsp;<\/p>\n<p><strong><em>Navidad = sumar esfuerzos<\/em><\/strong><\/p>\n<p>Contra el coronavirus no hay un remedio infalible, hay que sumar medidas: mascarilla, higiene riguroso, aislamiento, ventilaci\u00f3n. <strong>El lugar m\u00e1s seguro es nuestro hogar<\/strong> as\u00ed que conforme nos alejemos de \u00e9l, debemos de a\u00f1adir capas de protecci\u00f3n contra esta enfermedad.<\/p>\n<p>La COVID-19 no est\u00e1 en un lugar, est\u00e1 en nosotros as\u00ed que si vamos a un lugar con mucha gente, el riesgo a contagiarnos se incrementa. Como ejemplo, les dejamos <span style=\"color: #ff6600;\"><a style=\"color: #ff6600;\" href=\"https:\/\/elpais.com\/mexico\/2020-12-21\/13-horas-de-encierro-con-el-coronavirus-cronica-de-un-supercontagio-en-el-senado-mexicano.html\" target=\"_blank\" rel=\"noopener noreferrer\">esta cr\u00f3nica sobre una jornada legislativa en CDMX<\/a><\/span> que signific\u00f3 el contagio de varias decenas de personas.<\/p>\n<p><img loading=\"lazy\" decoding=\"async\" class=\"aligncenter size-full wp-image-5239\" src=\"https:\/\/u-storage.com.mx\/blog\/wp-content\/uploads\/2019\/02\/navidad_2020-03.jpg\" alt=\"Navidad Coronavirus\" width=\"800\" height=\"533\" \/><\/p>\n<p>Recordemos que parte de lo que hace peligrosa a esta enfermedad es que las personas infectadas pueden no presentar s\u00edntomas o bien, \u00e9stos pueden no ser de gran importancia y pueden pasar desapercibidos as\u00ed que aunque pensemos que estamos sanos, lo cierto es que <strong>podr\u00edamos ser portadores<\/strong> y si asistimos a una cena o reuni\u00f3n ser\u00edamos los responsables de que otros enfermen.<\/p>\n<p>En esta temporada solemos reunirnos con los seres que m\u00e1s queremos, el riesgo es alt\u00edsimo, <strong>una cena podr\u00eda significar la \u00faltima cena para varios miembros de nuestro clan<\/strong>. Las campa\u00f1as son claras: <strong>este a\u00f1o regala salud<\/strong>.<\/p>\n<p>&nbsp;<\/p>\n<p><strong><em>Acepta que es un a\u00f1o diferente<\/em><\/strong><\/p>\n<p>Es complicado que esto no lo sepamos ya, la pandemia no lleva un mes o dos, ha marcado al 2020 y ha ocasionado que todos nuestros planes recreativos, familiares, de trabajo, cambien, <span style=\"color: #ff6600;\"><a style=\"color: #ff6600;\" href=\"https:\/\/u-storage.com.mx\/blog\/como-manejar-las-perdidas-que-hemos-tenidos-este-2020\/\">hemos perdido mucho<\/a><\/span> y, desafortunadamente, la Navidad no es la excepci\u00f3n, aunque quisi\u00e9ramos.<\/p>\n<p>Dejemos atr\u00e1s entonces, todo lo que pens\u00e1bamos era ley navide\u00f1a: la fiesta god\u00edn, la cena familiar, el recalentado, la megafiesta de A\u00f1o Nuevo. Podemos festejar, claro, pero aceptando la realidad, con poca gente, a trav\u00e9s de una computadora, solos.<\/p>\n<p><img loading=\"lazy\" decoding=\"async\" class=\"aligncenter size-full wp-image-5240\" src=\"https:\/\/u-storage.com.mx\/blog\/wp-content\/uploads\/2019\/02\/navidad_2020-04.jpg\" alt=\"Fiestas en Pandemia\" width=\"800\" height=\"534\" \/><\/p>\n<p>Entre m\u00e1s luchemos contra la realidad, m\u00e1s mal la vamos a pasar o bien, <strong>podemos ignorarla y hacer como si nada y en cinco d\u00edas o dos semanas pagar las consecuencias<\/strong>. El arzobispo de Toluca hizo una declaraci\u00f3n que lo resume bastante bien: <span style=\"color: #ff6600;\"><em><a style=\"color: #ff6600;\" href=\"https:\/\/www.excelsior.com.mx\/comunidad\/mejor-encerraditos-que-enterraditos-arzobispo-de-toluca\/1423309\" target=\"_blank\" rel=\"noopener noreferrer\">mejor encerraditos que enterraditos<\/a><\/em><\/span>.<\/p>\n<p>&nbsp;<\/p>\n<p><strong><em>Descanso navide\u00f1o<\/em><\/strong><\/p>\n<p>Si decidimos hacer caso al llamado de las autoridades, limitar nuestras salidas en las pr\u00f3ximas tres semanas y cancelar los grandes encuentros de la temporada, <strong>la Navidad de este a\u00f1o puede significar descanso de todas las presiones y ajetreos que traen consigo<\/strong>.<\/p>\n<p>El momento de acurrucarnos en la cama y el sill\u00f3n y ver <em>Netflix<\/em> ha llegado. Dormir hasta tarde, irse a la cama temprano, <strong>relajarnos y tal vez voltear a casa y realizar algunos arreglitos que ten\u00edamos pendientes<\/strong>.<\/p>\n<p>No veamos lo que no podemos hacer, mejor enfoqu\u00e9monos en lo que si: un poco de ejercicio en casa, cocinar rico y sano, andar en pijama todo un d\u00eda o dos o tres.<\/p>\n<p>&nbsp;<\/p>\n<p><strong><em>#Qu\u00e9dateEnCasa con esp\u00edritu navide\u00f1o<\/em><\/strong><\/p>\n<p>Bueno, te quedar\u00e1s en casa y no ir\u00e1s a ver la iluminaci\u00f3n al Z\u00f3calo, ni recorrer\u00e1s Reforma, ni ir\u00e1s a los centros comerciales pero <strong>esto no significa que no puedas sentir con todo el esp\u00edritu navide\u00f1o<\/strong>.<\/p>\n<p><img loading=\"lazy\" decoding=\"async\" class=\"aligncenter size-full wp-image-5241\" src=\"https:\/\/u-storage.com.mx\/blog\/wp-content\/uploads\/2019\/02\/navidad_2020-05.jpg\" alt=\"Festejo de Navidad\" width=\"800\" height=\"491\" \/><\/p>\n<p>En casa todo se puede, as\u00ed que dec\u00f3rala al m\u00e1ximo, que explote la Navidad ah\u00ed: arbolito, nacimiento, Nochebuenas, adornos, luces que no quede ni un rinc\u00f3n que no transpire e inspire el esp\u00edritu de esta temporada. La <strong>COVID-19 no tiene por que quitarle la magia a la Navidad<\/strong>, s\u00f3lo se trata de que la sientas en casa.<\/p>\n<p>Ya que est\u00e1s encerradito, tal vez, tu lado creativo puede ponerse a trabajar y podr\u00edas emprender el proyecto de <span style=\"color: #ff6600;\"><a style=\"color: #ff6600;\" href=\"https:\/\/u-storage.com.mx\/blog\/navidad-ecologica-ideas-para-adornos-eco-friendly\/\">armar tus propias decoraciones<\/a><\/span>, por <a href=\"https:\/\/u-storage.com.mx\/blog\/navidad-ecologica-ideas-para-adornos-eco-friendly\/\">ac\u00e1<\/a> te dejamos algunas sugerencias para decorar mientras cuidas al medio ambiente.<\/p>\n<p>&nbsp;<\/p>\n<p><strong><em>S\u00e9 el Grinch<\/em><\/strong><\/p>\n<p>Para muchos, la pandemia les est\u00e1 robando la Navidad, pero para otros, <strong>las circunstancias pueden ser perfectas para que por fin puedan sacar su <em>Grinch<\/em> interior y abstenerse de las celebraciones<\/strong>.<\/p>\n<p>No se trata de depresi\u00f3n, simplemente, muchos no gustan de la Navidad, no le encuentra sentido y a\u00f1o con a\u00f1o se ven arrastrados a celebrarla o son criticados por que no quieren. Si eres uno de ellos, es tu momento: <strong>por fin podr\u00e1s pasar la temporada solo<\/strong>, en casa, sin escuchar villancicos, leyendo un buen libro, viendo pelis y nada m\u00e1s.<\/p>\n<p><img loading=\"lazy\" decoding=\"async\" class=\"aligncenter size-full wp-image-5242\" src=\"https:\/\/u-storage.com.mx\/blog\/wp-content\/uploads\/2019\/02\/navidad_2020-06.jpg\" alt=\"Grinch en Navidad\" width=\"800\" height=\"394\" \/><\/p>\n<p>Sabemos que muchos esperamos la Navidad con ansia loca, <strong>cuando inicio todo esto, nunca pensamos que llegar\u00eda diciembre y estar\u00edamos en un estado de emergencia como \u00e9l que estamos viviendo<\/strong>, pero as\u00ed es as\u00ed que debemos contribuir a que se logre un mayor control.<\/p>\n<p>Esta enfermedad ha costado mucho ya, <strong>no hagamos que la factura se incremente a\u00fan m\u00e1s<\/strong>, si no podemos celebrar la Navidad como siempre por una vez, no pasa nada, de verdad, seamos prudentes, pensemos en el bienestar colectivo y no en una noche de fiesta.<\/p>\n<p>&nbsp;<\/p>\n<hr \/>\n<p>&nbsp;<\/p>\n<p>Y bueno, habr\u00e1 quien decida o necesite reunirse con los suyos as\u00ed que si van a hacerlo, h\u00e1ganlo con todas las precauciones posibles. Ac\u00e1 les dejamos nuestro <span style=\"color: #ff6600;\"><a style=\"color: #ff6600;\" href=\"https:\/\/u-storage.com.mx\/blog\/guia-para-que-reunirte-con-amigos-y-familiares-sea-seguro\/\">contenido<\/a><\/span> sobre las formas seguras en que puedes reunirte con amigos y familiares, as\u00ed como un <span style=\"color: #ff6600;\"><a style=\"color: #ff6600;\" href=\"https:\/\/elpais.com\/ciencia\/2020-12-12\/como-reducir-riesgos-en-navidad.html\" target=\"_blank\" rel=\"noopener noreferrer\">art\u00edculo<\/a><\/span> que puede ayudarte a visualizar los riesgos de hacerlo.<\/p>\n<p>&nbsp;<\/p>\n","protected":false},"excerpt":{"rendered":"<p>La temporada navide\u00f1a ha llegado y, como todo este 2020, lo hace en el marco de la pandemia de COVID-19, as\u00ed que ninguna celebraci\u00f3n podr\u00e1 ser como antes, por eso, &#8230; <\/p>\n<p class=\"read-more-container\"><a title=\"Navidad en Tiempos de Coronavirus\" class=\"read-more button\" href=\"https:\/\/u-storage.com.mx\/blog\/navidad-en-tiempos-de-coronavirus\/#more-5235\" aria-label=\"Leer m\u00e1s sobre Navidad en Tiempos de Coronavirus\">Leer m\u00e1s<\/a><\/p>\n","protected":false},"author":3,"featured_media":5238,"comment_status":"closed","ping_status":"closed","sticky":false,"template":"","format":"standard","meta":{"footnotes":""},"categories":[10],"tags":[87,88,319],"yoast_head":"<!-- This site is optimized with the Yoast SEO plugin v24.5 - https:\/\/yoast.com\/wordpress\/plugins\/seo\/ -->\n<title>Navidad en Tiempos de Coronavirus | U-Storage<\/title>\n<meta name=\"description\" content=\"La temporada navide\u00f1a lleg\u00f3 en el marco de la pandemia del COVID-19, por eso, hoy queremos hablar de la Navidad en tiempos de Coronavirus.\" \/>\n<meta name=\"robots\" content=\"index, follow, max-snippet:-1, max-image-preview:large, max-video-preview:-1\" \/>\n<link rel=\"canonical\" href=\"https:\/\/u-storage.com.mx\/blog\/navidad-en-tiempos-de-coronavirus\/\" \/>\n<meta property=\"og:locale\" content=\"es_MX\" \/>\n<meta property=\"og:type\" content=\"article\" \/>\n<meta property=\"og:title\" content=\"Navidad en Tiempos de Coronavirus | U-Storage\" \/>\n<meta property=\"og:description\" content=\"La temporada navide\u00f1a lleg\u00f3 en el marco de la pandemia del COVID-19, por eso, hoy queremos hablar de la Navidad en tiempos de Coronavirus.\" \/>\n<meta property=\"og:url\" content=\"https:\/\/u-storage.com.mx\/blog\/navidad-en-tiempos-de-coronavirus\/\" \/>\n<meta property=\"og:site_name\" content=\"Blog U-Storage\" \/>\n<meta property=\"article:publisher\" content=\"https:\/\/www.facebook.com\/ustorage\" \/>\n<meta property=\"article:published_time\" content=\"2020-12-21T18:27:22+00:00\" \/>\n<meta property=\"article:modified_time\" content=\"2023-10-03T19:57:36+00:00\" \/>\n<meta property=\"og:image\" content=\"https:\/\/u-storage.com.mx\/blog\/wp-content\/uploads\/2019\/02\/navidad_2020-02.jpg\" \/>\n\t<meta property=\"og:image:width\" content=\"800\" \/>\n\t<meta property=\"og:image:height\" content=\"480\" \/>\n\t<meta property=\"og:image:type\" content=\"image\/jpeg\" \/>\n<meta name=\"author\" content=\"Team U-Storage\" \/>\n<meta name=\"twitter:card\" content=\"summary_large_image\" \/>\n<meta name=\"twitter:creator\" content=\"@ustoragemx\" \/>\n<meta name=\"twitter:site\" content=\"@ustoragemx\" \/>\n<meta name=\"twitter:label1\" content=\"Escrito por\" \/>\n\t<meta name=\"twitter:data1\" content=\"Team U-Storage\" \/>\n\t<meta name=\"twitter:label2\" content=\"Tiempo de lectura\" \/>\n\t<meta name=\"twitter:data2\" content=\"7 minutos\" \/>\n<script type=\"application\/ld+json\" class=\"yoast-schema-graph\">{\"@context\":\"https:\/\/schema.org\",\"@graph\":[{\"@type\":\"Article\",\"@id\":\"https:\/\/u-storage.com.mx\/blog\/navidad-en-tiempos-de-coronavirus\/#article\",\"isPartOf\":{\"@id\":\"https:\/\/u-storage.com.mx\/blog\/navidad-en-tiempos-de-coronavirus\/\"},\"author\":{\"name\":\"Team U-Storage\",\"@id\":\"https:\/\/u-storage.com.mx\/blog\/#\/schema\/person\/608a120f11c54916febcf163a2727989\"},\"headline\":\"Navidad en Tiempos de Coronavirus\",\"datePublished\":\"2020-12-21T18:27:22+00:00\",\"dateModified\":\"2023-10-03T19:57:36+00:00\",\"mainEntityOfPage\":{\"@id\":\"https:\/\/u-storage.com.mx\/blog\/navidad-en-tiempos-de-coronavirus\/\"},\"wordCount\":1491,\"publisher\":{\"@id\":\"https:\/\/u-storage.com.mx\/blog\/#organization\"},\"image\":{\"@id\":\"https:\/\/u-storage.com.mx\/blog\/navidad-en-tiempos-de-coronavirus\/#primaryimage\"},\"thumbnailUrl\":\"https:\/\/u-storage.com.mx\/blog\/wp-content\/uploads\/2019\/02\/navidad_2020-02.jpg\",\"keywords\":[\"coronavirus\",\"COVID-19\",\"navidad2020\"],\"articleSection\":[\"Lifestyle\"],\"inLanguage\":\"es\"},{\"@type\":\"WebPage\",\"@id\":\"https:\/\/u-storage.com.mx\/blog\/navidad-en-tiempos-de-coronavirus\/\",\"url\":\"https:\/\/u-storage.com.mx\/blog\/navidad-en-tiempos-de-coronavirus\/\",\"name\":\"Navidad en Tiempos de Coronavirus | U-Storage\",\"isPartOf\":{\"@id\":\"https:\/\/u-storage.com.mx\/blog\/#website\"},\"primaryImageOfPage\":{\"@id\":\"https:\/\/u-storage.com.mx\/blog\/navidad-en-tiempos-de-coronavirus\/#primaryimage\"},\"image\":{\"@id\":\"https:\/\/u-storage.com.mx\/blog\/navidad-en-tiempos-de-coronavirus\/#primaryimage\"},\"thumbnailUrl\":\"https:\/\/u-storage.com.mx\/blog\/wp-content\/uploads\/2019\/02\/navidad_2020-02.jpg\",\"datePublished\":\"2020-12-21T18:27:22+00:00\",\"dateModified\":\"2023-10-03T19:57:36+00:00\",\"description\":\"La temporada navide\u00f1a lleg\u00f3 en el marco de la pandemia del COVID-19, por eso, hoy queremos hablar de la Navidad en tiempos de Coronavirus.\",\"inLanguage\":\"es\",\"potentialAction\":[{\"@type\":\"ReadAction\",\"target\":[\"https:\/\/u-storage.com.mx\/blog\/navidad-en-tiempos-de-coronavirus\/\"]}]},{\"@type\":\"ImageObject\",\"inLanguage\":\"es\",\"@id\":\"https:\/\/u-storage.com.mx\/blog\/navidad-en-tiempos-de-coronavirus\/#primaryimage\",\"url\":\"https:\/\/u-storage.com.mx\/blog\/wp-content\/uploads\/2019\/02\/navidad_2020-02.jpg\",\"contentUrl\":\"https:\/\/u-storage.com.mx\/blog\/wp-content\/uploads\/2019\/02\/navidad_2020-02.jpg\",\"width\":800,\"height\":480,\"caption\":\"navidad con coronavirus\"},{\"@type\":\"WebSite\",\"@id\":\"https:\/\/u-storage.com.mx\/blog\/#website\",\"url\":\"https:\/\/u-storage.com.mx\/blog\/\",\"name\":\"Blog U-Storage\",\"description\":\"Aqu\u00ed encontrar\u00e1s informaci\u00f3n \u00fatil para tu vida, tus espacios actuales... y hasta c\u00f3mo aprovechar los nuevos!\",\"publisher\":{\"@id\":\"https:\/\/u-storage.com.mx\/blog\/#organization\"},\"potentialAction\":[{\"@type\":\"SearchAction\",\"target\":{\"@type\":\"EntryPoint\",\"urlTemplate\":\"https:\/\/u-storage.com.mx\/blog\/?s={search_term_string}\"},\"query-input\":{\"@type\":\"PropertyValueSpecification\",\"valueRequired\":true,\"valueName\":\"search_term_string\"}}],\"inLanguage\":\"es\"},{\"@type\":\"Organization\",\"@id\":\"https:\/\/u-storage.com.mx\/blog\/#organization\",\"name\":\"Blog U-Storage\",\"url\":\"https:\/\/u-storage.com.mx\/blog\/\",\"logo\":{\"@type\":\"ImageObject\",\"inLanguage\":\"es\",\"@id\":\"https:\/\/u-storage.com.mx\/blog\/#\/schema\/logo\/image\/\",\"url\":\"https:\/\/u-storage.com.mx\/blog\/wp-content\/uploads\/2024\/03\/BlogStorage-Logo.png\",\"contentUrl\":\"https:\/\/u-storage.com.mx\/blog\/wp-content\/uploads\/2024\/03\/BlogStorage-Logo.png\",\"width\":350,\"height\":73,\"caption\":\"Blog U-Storage\"},\"image\":{\"@id\":\"https:\/\/u-storage.com.mx\/blog\/#\/schema\/logo\/image\/\"},\"sameAs\":[\"https:\/\/www.facebook.com\/ustorage\",\"https:\/\/x.com\/ustoragemx\"]},{\"@type\":\"Person\",\"@id\":\"https:\/\/u-storage.com.mx\/blog\/#\/schema\/person\/608a120f11c54916febcf163a2727989\",\"name\":\"Team U-Storage\",\"image\":{\"@type\":\"ImageObject\",\"inLanguage\":\"es\",\"@id\":\"https:\/\/u-storage.com.mx\/blog\/#\/schema\/person\/image\/\",\"url\":\"https:\/\/secure.gravatar.com\/avatar\/1d7ac809a8e374c7bab9b5a189fae36b?s=96&d=mm&r=g\",\"contentUrl\":\"https:\/\/secure.gravatar.com\/avatar\/1d7ac809a8e374c7bab9b5a189fae36b?s=96&d=mm&r=g\",\"caption\":\"Team U-Storage\"},\"url\":\"https:\/\/u-storage.com.mx\/blog\/author\/ustorage\/\"}]}<\/script>\n<!-- \/ Yoast SEO plugin. -->","yoast_head_json":{"title":"Navidad en Tiempos de Coronavirus | U-Storage","description":"La temporada navide\u00f1a lleg\u00f3 en el marco de la pandemia del COVID-19, por eso, hoy queremos hablar de la Navidad en tiempos de Coronavirus.","robots":{"index":"index","follow":"follow","max-snippet":"max-snippet:-1","max-image-preview":"max-image-preview:large","max-video-preview":"max-video-preview:-1"},"canonical":"https:\/\/u-storage.com.mx\/blog\/navidad-en-tiempos-de-coronavirus\/","og_locale":"es_MX","og_type":"article","og_title":"Navidad en Tiempos de Coronavirus | U-Storage","og_description":"La temporada navide\u00f1a lleg\u00f3 en el marco de la pandemia del COVID-19, por eso, hoy queremos hablar de la Navidad en tiempos de Coronavirus.","og_url":"https:\/\/u-storage.com.mx\/blog\/navidad-en-tiempos-de-coronavirus\/","og_site_name":"Blog U-Storage","article_publisher":"https:\/\/www.facebook.com\/ustorage","article_published_time":"2020-12-21T18:27:22+00:00","article_modified_time":"2023-10-03T19:57:36+00:00","og_image":[{"width":800,"height":480,"url":"https:\/\/u-storage.com.mx\/blog\/wp-content\/uploads\/2019\/02\/navidad_2020-02.jpg","type":"image\/jpeg"}],"author":"Team U-Storage","twitter_card":"summary_large_image","twitter_creator":"@ustoragemx","twitter_site":"@ustoragemx","twitter_misc":{"Escrito por":"Team U-Storage","Tiempo de lectura":"7 minutos"},"schema":{"@context":"https:\/\/schema.org","@graph":[{"@type":"Article","@id":"https:\/\/u-storage.com.mx\/blog\/navidad-en-tiempos-de-coronavirus\/#article","isPartOf":{"@id":"https:\/\/u-storage.com.mx\/blog\/navidad-en-tiempos-de-coronavirus\/"},"author":{"name":"Team U-Storage","@id":"https:\/\/u-storage.com.mx\/blog\/#\/schema\/person\/608a120f11c54916febcf163a2727989"},"headline":"Navidad en Tiempos de Coronavirus","datePublished":"2020-12-21T18:27:22+00:00","dateModified":"2023-10-03T19:57:36+00:00","mainEntityOfPage":{"@id":"https:\/\/u-storage.com.mx\/blog\/navidad-en-tiempos-de-coronavirus\/"},"wordCount":1491,"publisher":{"@id":"https:\/\/u-storage.com.mx\/blog\/#organization"},"image":{"@id":"https:\/\/u-storage.com.mx\/blog\/navidad-en-tiempos-de-coronavirus\/#primaryimage"},"thumbnailUrl":"https:\/\/u-storage.com.mx\/blog\/wp-content\/uploads\/2019\/02\/navidad_2020-02.jpg","keywords":["coronavirus","COVID-19","navidad2020"],"articleSection":["Lifestyle"],"inLanguage":"es"},{"@type":"WebPage","@id":"https:\/\/u-storage.com.mx\/blog\/navidad-en-tiempos-de-coronavirus\/","url":"https:\/\/u-storage.com.mx\/blog\/navidad-en-tiempos-de-coronavirus\/","name":"Navidad en Tiempos de Coronavirus | U-Storage","isPartOf":{"@id":"https:\/\/u-storage.com.mx\/blog\/#website"},"primaryImageOfPage":{"@id":"https:\/\/u-storage.com.mx\/blog\/navidad-en-tiempos-de-coronavirus\/#primaryimage"},"image":{"@id":"https:\/\/u-storage.com.mx\/blog\/navidad-en-tiempos-de-coronavirus\/#primaryimage"},"thumbnailUrl":"https:\/\/u-storage.com.mx\/blog\/wp-content\/uploads\/2019\/02\/navidad_2020-02.jpg","datePublished":"2020-12-21T18:27:22+00:00","dateModified":"2023-10-03T19:57:36+00:00","description":"La temporada navide\u00f1a lleg\u00f3 en el marco de la pandemia del COVID-19, por eso, hoy queremos hablar de la Navidad en tiempos de Coronavirus.","inLanguage":"es","potentialAction":[{"@type":"ReadAction","target":["https:\/\/u-storage.com.mx\/blog\/navidad-en-tiempos-de-coronavirus\/"]}]},{"@type":"ImageObject","inLanguage":"es","@id":"https:\/\/u-storage.com.mx\/blog\/navidad-en-tiempos-de-coronavirus\/#primaryimage","url":"https:\/\/u-storage.com.mx\/blog\/wp-content\/uploads\/2019\/02\/navidad_2020-02.jpg","contentUrl":"https:\/\/u-storage.com.mx\/blog\/wp-content\/uploads\/2019\/02\/navidad_2020-02.jpg","width":800,"height":480,"caption":"navidad con coronavirus"},{"@type":"WebSite","@id":"https:\/\/u-storage.com.mx\/blog\/#website","url":"https:\/\/u-storage.com.mx\/blog\/","name":"Blog U-Storage","description":"Aqu\u00ed encontrar\u00e1s informaci\u00f3n \u00fatil para tu vida, tus espacios actuales... y hasta c\u00f3mo aprovechar los nuevos!","publisher":{"@id":"https:\/\/u-storage.com.mx\/blog\/#organization"},"potentialAction":[{"@type":"SearchAction","target":{"@type":"EntryPoint","urlTemplate":"https:\/\/u-storage.com.mx\/blog\/?s={search_term_string}"},"query-input":{"@type":"PropertyValueSpecification","valueRequired":true,"valueName":"search_term_string"}}],"inLanguage":"es"},{"@type":"Organization","@id":"https:\/\/u-storage.com.mx\/blog\/#organization","name":"Blog U-Storage","url":"https:\/\/u-storage.com.mx\/blog\/","logo":{"@type":"ImageObject","inLanguage":"es","@id":"https:\/\/u-storage.com.mx\/blog\/#\/schema\/logo\/image\/","url":"https:\/\/u-storage.com.mx\/blog\/wp-content\/uploads\/2024\/03\/BlogStorage-Logo.png","contentUrl":"https:\/\/u-storage.com.mx\/blog\/wp-content\/uploads\/2024\/03\/BlogStorage-Logo.png","width":350,"height":73,"caption":"Blog U-Storage"},"image":{"@id":"https:\/\/u-storage.com.mx\/blog\/#\/schema\/logo\/image\/"},"sameAs":["https:\/\/www.facebook.com\/ustorage","https:\/\/x.com\/ustoragemx"]},{"@type":"Person","@id":"https:\/\/u-storage.com.mx\/blog\/#\/schema\/person\/608a120f11c54916febcf163a2727989","name":"Team U-Storage","image":{"@type":"ImageObject","inLanguage":"es","@id":"https:\/\/u-storage.com.mx\/blog\/#\/schema\/person\/image\/","url":"https:\/\/secure.gravatar.com\/avatar\/1d7ac809a8e374c7bab9b5a189fae36b?s=96&d=mm&r=g","contentUrl":"https:\/\/secure.gravatar.com\/avatar\/1d7ac809a8e374c7bab9b5a189fae36b?s=96&d=mm&r=g","caption":"Team U-Storage"},"url":"https:\/\/u-storage.com.mx\/blog\/author\/ustorage\/"}]}},"_links":{"self":[{"href":"https:\/\/u-storage.com.mx\/blog\/wp-json\/wp\/v2\/posts\/5235"}],"collection":[{"href":"https:\/\/u-storage.com.mx\/blog\/wp-json\/wp\/v2\/posts"}],"about":[{"href":"https:\/\/u-storage.com.mx\/blog\/wp-json\/wp\/v2\/types\/post"}],"author":[{"embeddable":true,"href":"https:\/\/u-storage.com.mx\/blog\/wp-json\/wp\/v2\/users\/3"}],"replies":[{"embeddable":true,"href":"https:\/\/u-storage.com.mx\/blog\/wp-json\/wp\/v2\/comments?post=5235"}],"version-history":[{"count":1,"href":"https:\/\/u-storage.com.mx\/blog\/wp-json\/wp\/v2\/posts\/5235\/revisions"}],"predecessor-version":[{"id":8199,"href":"https:\/\/u-storage.com.mx\/blog\/wp-json\/wp\/v2\/posts\/5235\/revisions\/8199"}],"wp:featuredmedia":[{"embeddable":true,"href":"https:\/\/u-storage.com.mx\/blog\/wp-json\/wp\/v2\/media\/5238"}],"wp:attachment":[{"href":"https:\/\/u-storage.com.mx\/blog\/wp-json\/wp\/v2\/media?parent=5235"}],"wp:term":[{"taxonomy":"category","embeddable":true,"href":"https:\/\/u-storage.com.mx\/blog\/wp-json\/wp\/v2\/categories?post=5235"},{"taxonomy":"post_tag","embeddable":true,"href":"https:\/\/u-storage.com.mx\/blog\/wp-json\/wp\/v2\/tags?post=5235"}],"curies":[{"name":"wp","href":"https:\/\/api.w.org\/{rel}","templated":true}]}}