{"id":5361,"date":"2021-03-02T12:58:00","date_gmt":"2021-03-02T18:58:00","guid":{"rendered":"https:\/\/u-storage.com.mx\/blog\/?p=5361"},"modified":"2023-10-03T12:22:40","modified_gmt":"2023-10-03T18:22:40","slug":"hablemos-de-vacunas","status":"publish","type":"post","link":"https:\/\/u-storage.com.mx\/blog\/hablemos-de-vacunas\/","title":{"rendered":"Hablemos de Vacunas COVID"},"content":{"rendered":"<p><b>Un a\u00f1o despu\u00e9s de que la pandemia por COVID-19 impactara la vida de todos los habitantes del mundo, la esperanza cobra fuerza luego de que muchos pa\u00edses est\u00e1n iniciando sus campa\u00f1as de vacunaci\u00f3n, sin embargo, las voces esc\u00e9pticas o desinformadas que aseguran que esta acci\u00f3n es peligrosa o innecesaria se han vuelto un problema, por eso, hoy, queremos hablar de vacunas.<\/b><\/p>\n<p>&nbsp;<\/p>\n<p><strong>Vacunarse es protegerse contra ciertas enfermedades de manera sencilla y eficaz<\/strong> pues este tipo de medicina est\u00e1 dise\u00f1ada para activar nuestras defensas naturales, \u00bfc\u00f3mo? Contienen el virus o bacteria debilitado, o incluso muerto y, \u00e9ste, al ser introducido a nuestro cuerpo activa nuestro sistema inmunol\u00f3gico para que produzca los anticuerpos necesarios para evitar el contagio o reducir el impacto negativo que dicha enfermedad podr\u00eda tener en nosotros.<\/p>\n<p><img loading=\"lazy\" decoding=\"async\" class=\"aligncenter wp-image-5363 size-full\" src=\"https:\/\/u-storage.com.mx\/blog\/wp-content\/uploads\/2019\/02\/vacuna-01-e1614710775405.jpg\" alt=\"Vacunas\" width=\"800\" height=\"530\" \/><\/p>\n<p>Las vacunas no son una ciencia improvisada, de hecho, <strong>es un conocimiento que el ser humano ha desarrollado por al menos 200 a\u00f1os<\/strong> y su existencia ha puesto fin a la propagaci\u00f3n de enfermedades realmente peligrosas como el sarampi\u00f3n, la tuberculosis, la polio y la difteria.<\/p>\n<p>La Organizaci\u00f3n Mundial de la Salud (<span style=\"color: #ff6600;\"><a style=\"color: #ff6600;\" href=\"https:\/\/www.who.int\/es\/news-room\/q-a-detail\/vaccines-and-immunization-what-is-vaccination?adgroupsurvey=%7Badgroupsurvey%7D&amp;gclid=Cj0KCQiAvvKBBhCXARIsACTePW_Eu2n3rsNEDtDnGRo7AOhd5IC8zx5ymONZC0adtke6N9T8I7CC6qwaApEcEALw_wcB\" target=\"_blank\" rel=\"noopener noreferrer\">OMS<\/a><\/span>) calcula que <strong>cada a\u00f1o las vacunas salvan alrededor de 3 millones de vidas<\/strong>, pero, si son tan buenas, \u00bfpor qu\u00e9 hay tanto ruido negativo alrededor de la \u00fanica puerta de salida real de la pandemia por COVID-19?<\/p>\n<p>Mucho es por falta de informaci\u00f3n, de ah\u00ed que pensemos que es tan importante que hablemos de vacunas.<\/p>\n<p>&nbsp;<\/p>\n<p><strong><em>La carrera contra la COVID-19<\/em><\/strong><\/p>\n<p>Vacunarse no s\u00f3lo es protegerse a uno mismo, es proteger a los dem\u00e1s, por eso es que <strong>es tan importante que todos accedamos a vacunarnos contra la COVID-19 cuando nuestro momento llegue<\/strong>.<\/p>\n<p>Pa\u00edses que ya tiene sus campa\u00f1as de vacunaci\u00f3n avanzadas han informado que vacunarse no s\u00f3lo est\u00e1 reduciendo la velocidad de los casos de contagio, tambi\u00e9n, los porcentajes de enfermos graves o fatales.<\/p>\n<p><img loading=\"lazy\" decoding=\"async\" class=\"aligncenter wp-image-5364 size-full\" src=\"https:\/\/u-storage.com.mx\/blog\/wp-content\/uploads\/2019\/02\/vacuna-02-e1614710820488.jpg\" alt=\"Vacuna COVID-19\" width=\"800\" height=\"444\" \/><\/p>\n<p>Israel, uno de los pa\u00edses l\u00edderes en vacunaci\u00f3n contra la COVID-19, difundi\u00f3 que <strong>tras la intensiva campa\u00f1a que han efectuado en el \u00faltimo mes<\/strong> los casos graves en adultos mayores de 60 a\u00f1os ha disminuido 67% mientras que en Escocia e Inglaterra las hospitalizaci\u00f3n entre la poblaci\u00f3n inmunizada han disminuido 94 y 85% respectivamente.<\/p>\n<p>Es un hito de la humanidad que <strong>poco antes de que la pandemia por coronavirus cumpliera un a\u00f1o existieran al menos siete vacunas con resultados exitosos<\/strong>. Cumplido el a\u00f1o, las vacunas de Pfizer, AstraZeneca, CanSinoBio, Centro Gamaleya (Sputnik V), Curevac, Moderna, Johnson &amp; Johnson han comenzado a ser aplicadas a nivel global, o bien, se encuentran a punto de serlo.<\/p>\n<p>&nbsp;<\/p>\n<p>Hemos avanzado much\u00edsimo, pero, <strong>\u00bfc\u00f3mo lo logramos?<\/strong><\/p>\n<p>&nbsp;<\/p>\n<p><strong><em>Haciendo un poquito de historia<\/em><\/strong><\/p>\n<p><strong>La inmunolog\u00eda tiene a sus antecedentes en el siglo XVIII<\/strong>, cuando en 1721 la virulaci\u00f3n, acci\u00f3n que se llevaba acabo en Turqu\u00eda para tratar la viruela a trav\u00e9s de la colocaci\u00f3n de pus de viruela en una herida abierta a una persona sana, fue probada por primera vez en Inglaterra.<\/p>\n<p>Esta pr\u00e1ctica comenz\u00f3 a popularizarse pese a que los resultados distaban mucho de ser realmente positivos pues 2 de cada 3 personas virulizadas contra\u00edan la enfermedad de manera grave o se expon\u00edan a otras, pero, <strong>fue un primer paso que permiti\u00f3 a los cient\u00edficos comenzar a conocer los efectos que ten\u00eda introducir de forma controlada un virus o bacteria en una persona sana<\/strong>.<\/p>\n<p>Hacia 1796, el llamado padre de la inmunolog\u00eda, <strong>Edward Jenner realiz\u00f3 estudios mucho m\u00e1s serios y efectivos contra la viruela<\/strong> introduciendo una variante de vacuna menos agresiva en un ni\u00f1o, quien, a trav\u00e9s de este m\u00e9todo, logr\u00f3 desarrollar inmunidad contra la variante humana que mataba a cientos de miles de personas a\u00f1o con a\u00f1o.<\/p>\n<p><img loading=\"lazy\" decoding=\"async\" class=\"aligncenter wp-image-5367 size-full\" src=\"https:\/\/u-storage.com.mx\/blog\/wp-content\/uploads\/2019\/02\/vacuna-jenner-02-e1614710873980.jpg\" alt=\"Edward Jenner\" width=\"800\" height=\"510\" \/><\/p>\n<p>Cinco a\u00f1os despu\u00e9s, alrededor de 100 mil personas hab\u00edan sido tratadas de esta manera y <strong>la enfermedad que hasta entonces hab\u00eda sido responsable de acabar con millones de vidas humanas comenz\u00f3 a ser controlada<\/strong> a trav\u00e9s de esta forma \u201crudimentaria\u201d de vacunaci\u00f3n.<\/p>\n<p>La investigaci\u00f3n y los experimentos de Jenner sirvieron para que los cient\u00edficos corroboran que exist\u00edan agentes pat\u00f3genos que entraban al cuerpo humano y causaban enfermedades y que, para tratarlas, era necesario identificarlos y aislarlos.<\/p>\n<p>Con este conocimiento de respaldo, el padre de la microbiolog\u00eda, Robert Koch, <strong>logr\u00f3 identificar las bacterias que causaban enfermedades como el c\u00f3lera y la tuberculosis a finales del siglo XIX<\/strong>. Sus investigaciones no s\u00f3lo ayudaron a identificar la causa de estas enfermedades, tambi\u00e9n permitieron que aprendi\u00e9ramos sobre la importancia de la higiene y la esterilizaci\u00f3n al momento de combatir enfermedades.<\/p>\n<p>Casi cien a\u00f1os despu\u00e9s de los primeros tratamientos de inmunizaci\u00f3n realizados por Jenner, <strong>el siguiente paso fue dado por el famoso Doctor Pasteur<\/strong>, quien logr\u00f3 demostrar que exist\u00edan ciertas enfermedades (en su caso, la rabia) que pod\u00edan ser tratadas a trav\u00e9s de la introducci\u00f3n de g\u00e9rmenes debilitados a cuerpos humanos.<\/p>\n<p>Corroborando lo descubierto por Koch, <strong>Pasteur tambi\u00e9n puso especial \u00e9nfasis en la importancia de la higiene al momento de controlar g\u00e9rmenes<\/strong>, de ah\u00ed, que el m\u00e9todo de eliminaci\u00f3n de los mismos a trav\u00e9s de elevadas temperaturas sea conocido como pasteurizaci\u00f3n.<\/p>\n<p><img loading=\"lazy\" decoding=\"async\" class=\"aligncenter wp-image-5368 size-full\" src=\"https:\/\/u-storage.com.mx\/blog\/wp-content\/uploads\/2019\/02\/vacuna-koch-02-e1614710931201.jpg\" alt=\"Robert Koch\" width=\"800\" height=\"448\" \/><\/p>\n<p>Los avances que los experimentos del doctor Pasteur sentaron las bases para la creaci\u00f3n de vacunas en laboratorios e hicieron posible que durante todo el siglo XX las vacunas evolucionaran a pasos agigantados y se lograr\u00e1 el control e incluso <strong>la erradicaci\u00f3n de enfermedades que hasta entonces hab\u00edan acabado con poblaciones enteras<\/strong>.<\/p>\n<p><strong>En 1977 la viruela se erradic\u00f3 a nivel mundial<\/strong>, mientras que en 1991 se emiti\u00f3 la declaratoria que anunciaba la eliminaci\u00f3n de la poliomelitis y en 1998, la difteria fue controlada.<\/p>\n<p>Gracias a estos tres cient\u00edficos sabemos mucho de las enfermedades, sus formas de contagio y sus m\u00e9todos de contenci\u00f3n. Gracias a estos conocimientos y a los desarrollados por sus herederos, <strong>la vacuna contra la COVID-19 logr\u00f3 crearse en un tiempo inaudito<\/strong>, ni un a\u00f1o pas\u00f3 cuando los primero estudios comenzaban a reportar resultados positivos.<\/p>\n<p>&nbsp;<\/p>\n<p><strong>\u00bfC\u00f3mo es qu\u00e9 ha ocurrido tan r\u00e1pido? <\/strong><\/p>\n<p>Gracias a la tecnolog\u00eda RNA que permite extraer el material gen\u00e9tico de los pat\u00f3genos e inyectarlos directamente al cuerpo humano estimulando a las c\u00e9lulas para que produzcan prote\u00ednas que educan al sistema inmunol\u00f3gico contra la enfermedad en cuesti\u00f3n.<\/p>\n<p>Por cierto, <strong>si quieres leer un poco m\u00e1s sobre el desarrollo de las vacunas contra la COVID-19<\/strong> te recomendamos <span style=\"color: #ff6600;\"><a style=\"color: #ff6600;\" href=\"https:\/\/www.who.int\/es\/news-room\/feature-stories\/detail\/the-race-for-a-covid-19-vaccine-explained\" target=\"_blank\" rel=\"noopener noreferrer\">este art\u00edculo<\/a><\/span> de la Organizaci\u00f3n Panamericana de la Salud (OPS).<\/p>\n<p><img loading=\"lazy\" decoding=\"async\" class=\"aligncenter wp-image-5365 size-full\" src=\"https:\/\/u-storage.com.mx\/blog\/wp-content\/uploads\/2019\/02\/vacuna-03-e1614710969681.jpg\" alt=\"Investigaci\u00f3n M\u00e9dica\" width=\"800\" height=\"532\" \/><\/p>\n<p>Actualmente hay todav\u00eda poco m\u00e1s de 100 vacunas contra esta enfermedad que est\u00e1n siendo desarrolladas y son cerca de nueve las que ya han logrado ser aprobadas en distintos pa\u00edses del mundo para su uso de emergencia.<\/p>\n<p>Ojo, las vacunas contra la COVID-19 no prometen que no la contraer\u00e1s nunca, es posible que una vez vacunado no lo hagas, <strong>todo depende de la capacidad de tu sistema inmune<\/strong>, sin embargo, <strong>lo que si logran todas es que tu cuerpo resista mejor la enfermedad<\/strong>, es decir, a trav\u00e9s de la vacunaci\u00f3n se espera no s\u00f3lo que los contagios disminuyan tambi\u00e9n que la gravedad de los casos positivos se reduzcan de manera considerable.<\/p>\n<p>&nbsp;<\/p>\n<p><strong><em>Inmunizaci\u00f3n a la mexicana<\/em><\/strong><\/p>\n<p>Llegadas en el a\u00f1o 1804, <strong>las vacunas en M\u00e9xico han ayudado a combatir fuertes enfermedades<\/strong> como la polio, tosferina, hepatitis b, el t\u00e9tanos y sarampi\u00f3n. <strong>Las campa\u00f1as de vacunaci\u00f3n en nuestro pa\u00eds siempre han dado buenos resultados<\/strong> y eso, en estos momentos es algo a lo que hay que aferrarse.<\/p>\n<p>Afortunadamente, el movimiento <em>anti-vaccine<\/em> que tiene tanta repercusi\u00f3n en otros pa\u00edses occidentales, en M\u00e9xico no ha encontrado un eco tan grande, <strong>los mexicanos desde que nacemos estamos inmersos en la cultura de las vacunas<\/strong>, en lo importante que es completar nuestro esquema de vacunaci\u00f3n cuando somos ni\u00f1os.<\/p>\n<p>Hoy, <strong>nuestro pa\u00eds est\u00e1 inmerso en una lucha contra el tiempo<\/strong>, las <span style=\"color: #ff6600;\"><a style=\"color: #ff6600;\" href=\"https:\/\/datos.covid-19.conacyt.mx\/\" target=\"_blank\" rel=\"noopener noreferrer\">cifras<\/a><\/span> siguen siendo alarmantes: m\u00e1s de dos millones de personas han contra\u00eddo la enfermedad, nos acercamos a los 200 mil muertos y, aunque pareciera que avanzamos lentamente, las noticias positivas son cada vez m\u00e1s frecuentes.<\/p>\n<p>No s\u00f3lo dejamos atr\u00e1s el sem\u00e1foro rojo a nivel nacional, <strong>el ritmo que parec\u00eda fuera de control en enero ha experimentado una desaceleraci\u00f3n significativa<\/strong>, de doce mil casos diarios confirmados, al iniciar marzo, se confirman alrededor de mil o dos mil casos por d\u00eda. Nos falta mucho y tenemos que seguir esforz\u00e1ndonos, <strong>el aislamiento sigue siendo necesario as\u00ed como el uso de mascarillas y la higiene m\u00e1xima<\/strong>, pero, diario hay m\u00e1s personas vacunas.<\/p>\n<p><img loading=\"lazy\" decoding=\"async\" class=\"aligncenter wp-image-5366 size-full\" src=\"https:\/\/u-storage.com.mx\/blog\/wp-content\/uploads\/2019\/02\/vacuna-04-e1614711000975.jpg\" alt=\"Vacunas en M\u00e9xico\" width=\"800\" height=\"540\" srcset=\"https:\/\/u-storage.com.mx\/blog\/wp-content\/uploads\/2019\/02\/vacuna-04-e1614711000975.jpg 800w, https:\/\/u-storage.com.mx\/blog\/wp-content\/uploads\/2019\/02\/vacuna-04-e1614711000975-300x203.jpg 300w, https:\/\/u-storage.com.mx\/blog\/wp-content\/uploads\/2019\/02\/vacuna-04-e1614711000975-600x405.jpg 600w, https:\/\/u-storage.com.mx\/blog\/wp-content\/uploads\/2019\/02\/vacuna-04-e1614711000975-768x518.jpg 768w\" sizes=\"(max-width: 800px) 100vw, 800px\" \/><\/p>\n<p>Se ha informado que m\u00e1s de 170 mil adultos mayores que viven en CDMX han recibido ya la primera dosis y alrededor de 106 mil personas de la tercera edad que viven en Ecatepec, uno de los municipios m\u00e1s rezagados y donde la COVID-19 ha impactado de manera terrible, tambi\u00e9n lo hicieron.<\/p>\n<p>El personal m\u00e9dico en la primera l\u00ednea de lucha tambi\u00e9n ya est\u00e1 vacunado y, en su caso, la inmensa mayor\u00eda ha recibido ya la segunda dosis.<\/p>\n<p>Claro, <strong>estamos hablando de poco m\u00e1s de 1% de la poblaci\u00f3n con una dosis y 0.5% con dos dosis<\/strong> pero estamos avanzando y de acuerdo con la informaci\u00f3n que ha difundido la Secretar\u00eda de Relaciones Exteriores (<span style=\"color: #ff6600;\"><a style=\"color: #ff6600;\" href=\"https:\/\/www.gob.mx\/sre\/prensa\/mexico-avanza-en-su-estrategia-de-asegurar-la-adquisicion-de-vacunas-contra-covid-19?idiom=es\" target=\"_blank\" rel=\"noopener noreferrer\">SRE<\/a><\/span>), M\u00e9xico ya tiene pactadas alrededor de 230 millones de dosis con distintos laboratorios.<\/p>\n<p>As\u00ed que a tener paciencia y esperar nuestro turno mientras seguimos con todos los cuidados que ya conocemos: sana distancia, uso de mascarilla, lavado de manos constante.<\/p>\n<p>&nbsp;<\/p>\n<hr \/>\n<p>&nbsp;<\/p>\n<p><strong>La informaci\u00f3n es otra de las acciones que tenemos que efectuar en la lucha contra la COVID-19<\/strong> as\u00ed que procura mantenerte informado a trav\u00e9s de fuentes oficiales y fidedignas, por <span style=\"color: #ff6600;\"><a style=\"color: #ff6600;\" href=\"https:\/\/www.who.int\/es\/emergencies\/diseases\/novel-coronavirus-2019\/covid-19-vaccines\" target=\"_blank\" rel=\"noopener noreferrer\">ac\u00e1<\/a><\/span>, te dejamos el micrositio que la OMS arm\u00f3 sobre las vacunas, cada vez que sientas p\u00e1nico o te llegue una cadena que siembre dudas o miedo, ve a \u00e9l, inf\u00f3rmate.<\/p>\n<p>&nbsp;<\/p>\n","protected":false},"excerpt":{"rendered":"<p>Un a\u00f1o despu\u00e9s de que la pandemia por COVID-19 impactara la vida de todos los habitantes del mundo, la esperanza cobra fuerza luego de que muchos pa\u00edses est\u00e1n iniciando sus &#8230; <\/p>\n<p class=\"read-more-container\"><a title=\"Hablemos de Vacunas COVID\" class=\"read-more button\" href=\"https:\/\/u-storage.com.mx\/blog\/hablemos-de-vacunas\/#more-5361\" aria-label=\"Leer m\u00e1s sobre Hablemos de Vacunas COVID\">Leer m\u00e1s<\/a><\/p>\n","protected":false},"author":3,"featured_media":5366,"comment_status":"closed","ping_status":"closed","sticky":false,"template":"","format":"standard","meta":{"footnotes":""},"categories":[29],"tags":[22,87,88,262],"yoast_head":"<!-- This site is optimized with the Yoast SEO plugin v24.5 - https:\/\/yoast.com\/wordpress\/plugins\/seo\/ -->\n<title>Hablemos de Vacunas COVID-19 | U-Storage Renta de Bodegas<\/title>\n<meta name=\"description\" content=\"Un a\u00f1o despu\u00e9s de que la pandemia por COVID-19 cambi\u00f3 la vida de todos, la esperanza cobra fuerza ya que muchos pa\u00edses inician sus campa\u00f1as de vacunas.\" \/>\n<meta name=\"robots\" content=\"index, follow, max-snippet:-1, max-image-preview:large, max-video-preview:-1\" \/>\n<link rel=\"canonical\" href=\"https:\/\/u-storage.com.mx\/blog\/hablemos-de-vacunas\/\" \/>\n<meta property=\"og:locale\" content=\"es_MX\" \/>\n<meta property=\"og:type\" content=\"article\" \/>\n<meta property=\"og:title\" content=\"Hablemos de Vacunas COVID-19 | U-Storage Renta de Bodegas\" \/>\n<meta property=\"og:description\" content=\"Un a\u00f1o despu\u00e9s de que la pandemia por COVID-19 cambi\u00f3 la vida de todos, la esperanza cobra fuerza ya que muchos pa\u00edses inician sus campa\u00f1as de vacunas.\" \/>\n<meta property=\"og:url\" content=\"https:\/\/u-storage.com.mx\/blog\/hablemos-de-vacunas\/\" \/>\n<meta property=\"og:site_name\" content=\"Blog U-Storage\" \/>\n<meta property=\"article:publisher\" content=\"https:\/\/www.facebook.com\/ustorage\" \/>\n<meta property=\"article:published_time\" content=\"2021-03-02T18:58:00+00:00\" \/>\n<meta property=\"article:modified_time\" content=\"2023-10-03T18:22:40+00:00\" \/>\n<meta property=\"og:image\" content=\"https:\/\/u-storage.com.mx\/blog\/wp-content\/uploads\/2019\/02\/vacuna-04-e1614711000975.jpg\" \/>\n\t<meta property=\"og:image:width\" content=\"800\" \/>\n\t<meta property=\"og:image:height\" content=\"540\" \/>\n\t<meta property=\"og:image:type\" content=\"image\/jpeg\" \/>\n<meta name=\"author\" content=\"Team U-Storage\" \/>\n<meta name=\"twitter:card\" content=\"summary_large_image\" \/>\n<meta name=\"twitter:creator\" content=\"@ustoragemx\" \/>\n<meta name=\"twitter:site\" content=\"@ustoragemx\" \/>\n<meta name=\"twitter:label1\" content=\"Escrito por\" \/>\n\t<meta name=\"twitter:data1\" content=\"Team U-Storage\" \/>\n\t<meta name=\"twitter:label2\" content=\"Tiempo de lectura\" \/>\n\t<meta name=\"twitter:data2\" content=\"9 minutos\" \/>\n<script type=\"application\/ld+json\" class=\"yoast-schema-graph\">{\"@context\":\"https:\/\/schema.org\",\"@graph\":[{\"@type\":\"Article\",\"@id\":\"https:\/\/u-storage.com.mx\/blog\/hablemos-de-vacunas\/#article\",\"isPartOf\":{\"@id\":\"https:\/\/u-storage.com.mx\/blog\/hablemos-de-vacunas\/\"},\"author\":{\"name\":\"Team U-Storage\",\"@id\":\"https:\/\/u-storage.com.mx\/blog\/#\/schema\/person\/608a120f11c54916febcf163a2727989\"},\"headline\":\"Hablemos de Vacunas COVID\",\"datePublished\":\"2021-03-02T18:58:00+00:00\",\"dateModified\":\"2023-10-03T18:22:40+00:00\",\"mainEntityOfPage\":{\"@id\":\"https:\/\/u-storage.com.mx\/blog\/hablemos-de-vacunas\/\"},\"wordCount\":1729,\"publisher\":{\"@id\":\"https:\/\/u-storage.com.mx\/blog\/#organization\"},\"image\":{\"@id\":\"https:\/\/u-storage.com.mx\/blog\/hablemos-de-vacunas\/#primaryimage\"},\"thumbnailUrl\":\"https:\/\/u-storage.com.mx\/blog\/wp-content\/uploads\/2019\/02\/vacuna-04-e1614711000975.jpg\",\"keywords\":[\"cdmx\",\"coronavirus\",\"COVID-19\",\"vacunas\"],\"articleSection\":[\"Cultura\"],\"inLanguage\":\"es\"},{\"@type\":\"WebPage\",\"@id\":\"https:\/\/u-storage.com.mx\/blog\/hablemos-de-vacunas\/\",\"url\":\"https:\/\/u-storage.com.mx\/blog\/hablemos-de-vacunas\/\",\"name\":\"Hablemos de Vacunas COVID-19 | U-Storage Renta de Bodegas\",\"isPartOf\":{\"@id\":\"https:\/\/u-storage.com.mx\/blog\/#website\"},\"primaryImageOfPage\":{\"@id\":\"https:\/\/u-storage.com.mx\/blog\/hablemos-de-vacunas\/#primaryimage\"},\"image\":{\"@id\":\"https:\/\/u-storage.com.mx\/blog\/hablemos-de-vacunas\/#primaryimage\"},\"thumbnailUrl\":\"https:\/\/u-storage.com.mx\/blog\/wp-content\/uploads\/2019\/02\/vacuna-04-e1614711000975.jpg\",\"datePublished\":\"2021-03-02T18:58:00+00:00\",\"dateModified\":\"2023-10-03T18:22:40+00:00\",\"description\":\"Un a\u00f1o despu\u00e9s de que la pandemia por COVID-19 cambi\u00f3 la vida de todos, la esperanza cobra fuerza ya que muchos pa\u00edses inician sus campa\u00f1as de vacunas.\",\"inLanguage\":\"es\",\"potentialAction\":[{\"@type\":\"ReadAction\",\"target\":[\"https:\/\/u-storage.com.mx\/blog\/hablemos-de-vacunas\/\"]}]},{\"@type\":\"ImageObject\",\"inLanguage\":\"es\",\"@id\":\"https:\/\/u-storage.com.mx\/blog\/hablemos-de-vacunas\/#primaryimage\",\"url\":\"https:\/\/u-storage.com.mx\/blog\/wp-content\/uploads\/2019\/02\/vacuna-04-e1614711000975.jpg\",\"contentUrl\":\"https:\/\/u-storage.com.mx\/blog\/wp-content\/uploads\/2019\/02\/vacuna-04-e1614711000975.jpg\",\"width\":800,\"height\":540,\"caption\":\"Vacunas COVID-19\"},{\"@type\":\"WebSite\",\"@id\":\"https:\/\/u-storage.com.mx\/blog\/#website\",\"url\":\"https:\/\/u-storage.com.mx\/blog\/\",\"name\":\"Blog U-Storage\",\"description\":\"Aqu\u00ed encontrar\u00e1s informaci\u00f3n \u00fatil para tu vida, tus espacios actuales... y hasta c\u00f3mo aprovechar los nuevos!\",\"publisher\":{\"@id\":\"https:\/\/u-storage.com.mx\/blog\/#organization\"},\"potentialAction\":[{\"@type\":\"SearchAction\",\"target\":{\"@type\":\"EntryPoint\",\"urlTemplate\":\"https:\/\/u-storage.com.mx\/blog\/?s={search_term_string}\"},\"query-input\":{\"@type\":\"PropertyValueSpecification\",\"valueRequired\":true,\"valueName\":\"search_term_string\"}}],\"inLanguage\":\"es\"},{\"@type\":\"Organization\",\"@id\":\"https:\/\/u-storage.com.mx\/blog\/#organization\",\"name\":\"Blog U-Storage\",\"url\":\"https:\/\/u-storage.com.mx\/blog\/\",\"logo\":{\"@type\":\"ImageObject\",\"inLanguage\":\"es\",\"@id\":\"https:\/\/u-storage.com.mx\/blog\/#\/schema\/logo\/image\/\",\"url\":\"https:\/\/u-storage.com.mx\/blog\/wp-content\/uploads\/2024\/03\/BlogStorage-Logo.png\",\"contentUrl\":\"https:\/\/u-storage.com.mx\/blog\/wp-content\/uploads\/2024\/03\/BlogStorage-Logo.png\",\"width\":350,\"height\":73,\"caption\":\"Blog U-Storage\"},\"image\":{\"@id\":\"https:\/\/u-storage.com.mx\/blog\/#\/schema\/logo\/image\/\"},\"sameAs\":[\"https:\/\/www.facebook.com\/ustorage\",\"https:\/\/x.com\/ustoragemx\"]},{\"@type\":\"Person\",\"@id\":\"https:\/\/u-storage.com.mx\/blog\/#\/schema\/person\/608a120f11c54916febcf163a2727989\",\"name\":\"Team U-Storage\",\"image\":{\"@type\":\"ImageObject\",\"inLanguage\":\"es\",\"@id\":\"https:\/\/u-storage.com.mx\/blog\/#\/schema\/person\/image\/\",\"url\":\"https:\/\/secure.gravatar.com\/avatar\/1d7ac809a8e374c7bab9b5a189fae36b?s=96&d=mm&r=g\",\"contentUrl\":\"https:\/\/secure.gravatar.com\/avatar\/1d7ac809a8e374c7bab9b5a189fae36b?s=96&d=mm&r=g\",\"caption\":\"Team U-Storage\"},\"url\":\"https:\/\/u-storage.com.mx\/blog\/author\/ustorage\/\"}]}<\/script>\n<!-- \/ Yoast SEO plugin. -->","yoast_head_json":{"title":"Hablemos de Vacunas COVID-19 | U-Storage Renta de Bodegas","description":"Un a\u00f1o despu\u00e9s de que la pandemia por COVID-19 cambi\u00f3 la vida de todos, la esperanza cobra fuerza ya que muchos pa\u00edses inician sus campa\u00f1as de vacunas.","robots":{"index":"index","follow":"follow","max-snippet":"max-snippet:-1","max-image-preview":"max-image-preview:large","max-video-preview":"max-video-preview:-1"},"canonical":"https:\/\/u-storage.com.mx\/blog\/hablemos-de-vacunas\/","og_locale":"es_MX","og_type":"article","og_title":"Hablemos de Vacunas COVID-19 | U-Storage Renta de Bodegas","og_description":"Un a\u00f1o despu\u00e9s de que la pandemia por COVID-19 cambi\u00f3 la vida de todos, la esperanza cobra fuerza ya que muchos pa\u00edses inician sus campa\u00f1as de vacunas.","og_url":"https:\/\/u-storage.com.mx\/blog\/hablemos-de-vacunas\/","og_site_name":"Blog U-Storage","article_publisher":"https:\/\/www.facebook.com\/ustorage","article_published_time":"2021-03-02T18:58:00+00:00","article_modified_time":"2023-10-03T18:22:40+00:00","og_image":[{"width":800,"height":540,"url":"https:\/\/u-storage.com.mx\/blog\/wp-content\/uploads\/2019\/02\/vacuna-04-e1614711000975.jpg","type":"image\/jpeg"}],"author":"Team U-Storage","twitter_card":"summary_large_image","twitter_creator":"@ustoragemx","twitter_site":"@ustoragemx","twitter_misc":{"Escrito por":"Team U-Storage","Tiempo de lectura":"9 minutos"},"schema":{"@context":"https:\/\/schema.org","@graph":[{"@type":"Article","@id":"https:\/\/u-storage.com.mx\/blog\/hablemos-de-vacunas\/#article","isPartOf":{"@id":"https:\/\/u-storage.com.mx\/blog\/hablemos-de-vacunas\/"},"author":{"name":"Team U-Storage","@id":"https:\/\/u-storage.com.mx\/blog\/#\/schema\/person\/608a120f11c54916febcf163a2727989"},"headline":"Hablemos de Vacunas COVID","datePublished":"2021-03-02T18:58:00+00:00","dateModified":"2023-10-03T18:22:40+00:00","mainEntityOfPage":{"@id":"https:\/\/u-storage.com.mx\/blog\/hablemos-de-vacunas\/"},"wordCount":1729,"publisher":{"@id":"https:\/\/u-storage.com.mx\/blog\/#organization"},"image":{"@id":"https:\/\/u-storage.com.mx\/blog\/hablemos-de-vacunas\/#primaryimage"},"thumbnailUrl":"https:\/\/u-storage.com.mx\/blog\/wp-content\/uploads\/2019\/02\/vacuna-04-e1614711000975.jpg","keywords":["cdmx","coronavirus","COVID-19","vacunas"],"articleSection":["Cultura"],"inLanguage":"es"},{"@type":"WebPage","@id":"https:\/\/u-storage.com.mx\/blog\/hablemos-de-vacunas\/","url":"https:\/\/u-storage.com.mx\/blog\/hablemos-de-vacunas\/","name":"Hablemos de Vacunas COVID-19 | U-Storage Renta de Bodegas","isPartOf":{"@id":"https:\/\/u-storage.com.mx\/blog\/#website"},"primaryImageOfPage":{"@id":"https:\/\/u-storage.com.mx\/blog\/hablemos-de-vacunas\/#primaryimage"},"image":{"@id":"https:\/\/u-storage.com.mx\/blog\/hablemos-de-vacunas\/#primaryimage"},"thumbnailUrl":"https:\/\/u-storage.com.mx\/blog\/wp-content\/uploads\/2019\/02\/vacuna-04-e1614711000975.jpg","datePublished":"2021-03-02T18:58:00+00:00","dateModified":"2023-10-03T18:22:40+00:00","description":"Un a\u00f1o despu\u00e9s de que la pandemia por COVID-19 cambi\u00f3 la vida de todos, la esperanza cobra fuerza ya que muchos pa\u00edses inician sus campa\u00f1as de vacunas.","inLanguage":"es","potentialAction":[{"@type":"ReadAction","target":["https:\/\/u-storage.com.mx\/blog\/hablemos-de-vacunas\/"]}]},{"@type":"ImageObject","inLanguage":"es","@id":"https:\/\/u-storage.com.mx\/blog\/hablemos-de-vacunas\/#primaryimage","url":"https:\/\/u-storage.com.mx\/blog\/wp-content\/uploads\/2019\/02\/vacuna-04-e1614711000975.jpg","contentUrl":"https:\/\/u-storage.com.mx\/blog\/wp-content\/uploads\/2019\/02\/vacuna-04-e1614711000975.jpg","width":800,"height":540,"caption":"Vacunas COVID-19"},{"@type":"WebSite","@id":"https:\/\/u-storage.com.mx\/blog\/#website","url":"https:\/\/u-storage.com.mx\/blog\/","name":"Blog U-Storage","description":"Aqu\u00ed encontrar\u00e1s informaci\u00f3n \u00fatil para tu vida, tus espacios actuales... y hasta c\u00f3mo aprovechar los nuevos!","publisher":{"@id":"https:\/\/u-storage.com.mx\/blog\/#organization"},"potentialAction":[{"@type":"SearchAction","target":{"@type":"EntryPoint","urlTemplate":"https:\/\/u-storage.com.mx\/blog\/?s={search_term_string}"},"query-input":{"@type":"PropertyValueSpecification","valueRequired":true,"valueName":"search_term_string"}}],"inLanguage":"es"},{"@type":"Organization","@id":"https:\/\/u-storage.com.mx\/blog\/#organization","name":"Blog U-Storage","url":"https:\/\/u-storage.com.mx\/blog\/","logo":{"@type":"ImageObject","inLanguage":"es","@id":"https:\/\/u-storage.com.mx\/blog\/#\/schema\/logo\/image\/","url":"https:\/\/u-storage.com.mx\/blog\/wp-content\/uploads\/2024\/03\/BlogStorage-Logo.png","contentUrl":"https:\/\/u-storage.com.mx\/blog\/wp-content\/uploads\/2024\/03\/BlogStorage-Logo.png","width":350,"height":73,"caption":"Blog U-Storage"},"image":{"@id":"https:\/\/u-storage.com.mx\/blog\/#\/schema\/logo\/image\/"},"sameAs":["https:\/\/www.facebook.com\/ustorage","https:\/\/x.com\/ustoragemx"]},{"@type":"Person","@id":"https:\/\/u-storage.com.mx\/blog\/#\/schema\/person\/608a120f11c54916febcf163a2727989","name":"Team U-Storage","image":{"@type":"ImageObject","inLanguage":"es","@id":"https:\/\/u-storage.com.mx\/blog\/#\/schema\/person\/image\/","url":"https:\/\/secure.gravatar.com\/avatar\/1d7ac809a8e374c7bab9b5a189fae36b?s=96&d=mm&r=g","contentUrl":"https:\/\/secure.gravatar.com\/avatar\/1d7ac809a8e374c7bab9b5a189fae36b?s=96&d=mm&r=g","caption":"Team U-Storage"},"url":"https:\/\/u-storage.com.mx\/blog\/author\/ustorage\/"}]}},"_links":{"self":[{"href":"https:\/\/u-storage.com.mx\/blog\/wp-json\/wp\/v2\/posts\/5361"}],"collection":[{"href":"https:\/\/u-storage.com.mx\/blog\/wp-json\/wp\/v2\/posts"}],"about":[{"href":"https:\/\/u-storage.com.mx\/blog\/wp-json\/wp\/v2\/types\/post"}],"author":[{"embeddable":true,"href":"https:\/\/u-storage.com.mx\/blog\/wp-json\/wp\/v2\/users\/3"}],"replies":[{"embeddable":true,"href":"https:\/\/u-storage.com.mx\/blog\/wp-json\/wp\/v2\/comments?post=5361"}],"version-history":[{"count":3,"href":"https:\/\/u-storage.com.mx\/blog\/wp-json\/wp\/v2\/posts\/5361\/revisions"}],"predecessor-version":[{"id":8250,"href":"https:\/\/u-storage.com.mx\/blog\/wp-json\/wp\/v2\/posts\/5361\/revisions\/8250"}],"wp:featuredmedia":[{"embeddable":true,"href":"https:\/\/u-storage.com.mx\/blog\/wp-json\/wp\/v2\/media\/5366"}],"wp:attachment":[{"href":"https:\/\/u-storage.com.mx\/blog\/wp-json\/wp\/v2\/media?parent=5361"}],"wp:term":[{"taxonomy":"category","embeddable":true,"href":"https:\/\/u-storage.com.mx\/blog\/wp-json\/wp\/v2\/categories?post=5361"},{"taxonomy":"post_tag","embeddable":true,"href":"https:\/\/u-storage.com.mx\/blog\/wp-json\/wp\/v2\/tags?post=5361"}],"curies":[{"name":"wp","href":"https:\/\/api.w.org\/{rel}","templated":true}]}}