{"id":5439,"date":"2021-04-28T11:52:16","date_gmt":"2021-04-28T16:52:16","guid":{"rendered":"https:\/\/u-storage.com.mx\/blog\/?p=5439"},"modified":"2023-08-29T13:33:16","modified_gmt":"2023-08-29T19:33:16","slug":"feliz-dia-del-nino","status":"publish","type":"post","link":"https:\/\/u-storage.com.mx\/blog\/feliz-dia-del-nino\/","title":{"rendered":"\u00a1Feliz D\u00eda del Ni\u00f1o!"},"content":{"rendered":"<p><strong>Los ni\u00f1os son la alegr\u00eda del hogar y no hay mejor momento para recordarlo que el D\u00eda del Ni\u00f1o y la Ni\u00f1a as\u00ed que planeemos algo especial para los peque\u00f1os que en estos tiempos de pandemia no la han pasado tan bien como merecen. <\/strong><\/p>\n<p>&nbsp;<\/p>\n<p>Es extra\u00f1o pensar que el concepto de ni\u00f1ez y ni\u00f1ez plena son de reciente incorporaci\u00f3n a nuestro pensamiento, de hecho, <strong>el D\u00eda del Ni\u00f1o y la Ni\u00f1a y la declaraci\u00f3n de sus derechos no ha cumplido a\u00fan los 100 a\u00f1os<\/strong>.<\/p>\n<p><strong>Nacido en 1924<\/strong>, luego de la Primera Guerra Mundial, con el prop\u00f3sito de conmemorar a los ni\u00f1os y ni\u00f1as v\u00edctimas, el D\u00eda del Ni\u00f1o y la Ni\u00f1a y la posterior Declaraci\u00f3n sobre los Derechos de los Ni\u00f1os buscan crear conciencia y trabajar para garantizar el bienestar de los peque\u00f1os alrededor del mundo.<\/p>\n<p><img loading=\"lazy\" decoding=\"async\" class=\"aligncenter size-full wp-image-5445\" src=\"https:\/\/u-storage.com.mx\/blog\/wp-content\/uploads\/2019\/02\/ninos-felices-04.jpg\" alt=\"Jugando en Familia\" width=\"800\" height=\"468\" srcset=\"https:\/\/u-storage.com.mx\/blog\/wp-content\/uploads\/2019\/02\/ninos-felices-04.jpg 800w, https:\/\/u-storage.com.mx\/blog\/wp-content\/uploads\/2019\/02\/ninos-felices-04-300x176.jpg 300w, https:\/\/u-storage.com.mx\/blog\/wp-content\/uploads\/2019\/02\/ninos-felices-04-600x351.jpg 600w, https:\/\/u-storage.com.mx\/blog\/wp-content\/uploads\/2019\/02\/ninos-felices-04-768x449.jpg 768w\" sizes=\"(max-width: 800px) 100vw, 800px\" \/><\/p>\n<p>\u00bfQu\u00e9 es lo que se necesita para una ni\u00f1ez plena? Bueno, innumerables cosas, tangibles y no tangibles, pero, la ONU, a trav\u00e9s de la <span style=\"color: #ff6600;\"><a style=\"color: #ff6600;\" href=\"https:\/\/www.unicef.org\/lac\/historias\/10-derechos-fundamentales-de-los-ni%C3%B1os-por-quino\" target=\"_blank\" rel=\"noopener noreferrer\">UNICEF<\/a><\/span>, ha determinado que todo ni\u00f1o deber\u00eda contar con ciertos derechos b\u00e1sicos.<\/p>\n<p>&nbsp;<\/p>\n<p><strong><em>Los primeros diez derechos<\/em><\/strong><\/p>\n<p><strong><em>\u00a0<\/em><\/strong><\/p>\n<ol>\n<li>Derecho a la vida<\/li>\n<li>Derecho a la alimentaci\u00f3n<\/li>\n<li>Derecho a la educaci\u00f3n<\/li>\n<li>Derecho al agua<\/li>\n<li>Derecho a la salud<\/li>\n<li>Derecho a la identidad<\/li>\n<li>Derecho a la libertad de expresi\u00f3n<\/li>\n<li>Derecho a la protecci\u00f3n<\/li>\n<li>Derecho a la recreaci\u00f3n y esparcimiento<\/li>\n<li>Derecho a tener una familia<\/li>\n<\/ol>\n<p>&nbsp;<\/p>\n<p>No es f\u00e1cil, <strong>las problem\u00e1ticas que la infancia vive son de lo m\u00e1s diversas<\/strong>, el camino es muy largo y tristemente, la pandemia por COVID-19 ha dificultado las cosas.<\/p>\n<p>No s\u00f3lo hablamos del limitado acceso a los servicios de salud que muchos enfrentan, el \u00faltimo a\u00f1o de sus vidas, <strong>ni\u00f1os de todo el mundo han tenido que lidiar con cambios y p\u00e9rdidas sumamente complicados<\/strong>.<\/p>\n<p>El cierre de las escuelas es uno de los m\u00e1s fuertes, la p\u00e9rdida de movilidad, el encierro, el aislamiento y lejan\u00eda f\u00edsica con sus amigos, otros.<\/p>\n<p><img loading=\"lazy\" decoding=\"async\" class=\"aligncenter size-full wp-image-5443\" src=\"https:\/\/u-storage.com.mx\/blog\/wp-content\/uploads\/2019\/02\/ninos-felices-02.jpg\" alt=\"Ni\u00f1os Jugando\" width=\"800\" height=\"468\" \/><\/p>\n<p>Por eso, es tan importante que busquemos formas de hacerles pasar un buen rato, sobre todo si es su \u00a1d\u00eda!<\/p>\n<p><strong>Se trata de usar al D\u00eda del Ni\u00f1o y la Ni\u00f1a como pretexto para celebrar a los peque\u00f1os y hacerlos pasar momentos especiales<\/strong>, pero tambi\u00e9n darnos el tiempo de reflexionar seriamente sobre lo qu\u00e9 podemos hacer para que los ni\u00f1os que nos rodean crezcan plenamente.<\/p>\n<p>&nbsp;<\/p>\n<p><strong><em>Actividades en casa<\/em><\/strong><\/p>\n<p>Lo sabemos, a estas alturas, <strong>estar en casa es lo \u00faltimo que queremos y quieren nuestros hijos<\/strong>. Un a\u00f1o ha pasado desde que las escuelas cerraron y los peque\u00f1os, como todos nosotros, se vieron obligados a quedarse en casa.<\/p>\n<p>Pero, <strong>la casa puede ser divertida y el D\u00eda del Ni\u00f1o es perfecto para record\u00e1rselo a tu peque\u00f1o<\/strong>.<\/p>\n<p>Hay muchas actividades divertidas que pueden tener lugar en la sala, en su cuarto <strong>\u00bfC\u00f3mo cu\u00e1les?<\/strong><\/p>\n<p>Puedes organizar una tarde de karaoke en la sala, un noche de pelis, un campamento que incluya historias de terror o una b\u00fasqueda del tesoro.<\/p>\n<p>Durante el fin de semana podr\u00edan cocinar algunos platillos juntos, por <span style=\"color: #ff6600;\"><a style=\"color: #ff6600;\" href=\"https:\/\/www.cocinafacil.com.mx\/recetas\/recetas-para-ninos\/\" target=\"_blank\" rel=\"noopener noreferrer\">ac\u00e1<\/a><\/span> te dejamos un contenido que trae muchas recetas divertidas para cocinar con tus hijos.<\/p>\n<p><img loading=\"lazy\" decoding=\"async\" class=\"aligncenter size-full wp-image-5444\" src=\"https:\/\/u-storage.com.mx\/blog\/wp-content\/uploads\/2019\/02\/ninos-felices-03.jpg\" alt=\"Hacer Manualidades\" width=\"800\" height=\"571\" \/><\/p>\n<p>Una buena idea es que realicen <span style=\"color: #ff6600;\"><a style=\"color: #ff6600;\" href=\"https:\/\/youtu.be\/mCLzelF-TsY\" target=\"_blank\" rel=\"noopener noreferrer\">manualidades<\/a><\/span> y luego montes una expo de toda su obra, incluso podr\u00edas armar una peque\u00f1a fiesta de inauguraci\u00f3n con comida divertida.<\/p>\n<p><strong>Aprovecha las actividades virtuales que muchos museos y organismos est\u00e1n armando para los peque\u00f1os en su d\u00eda<\/strong>.<\/p>\n<p>&nbsp;<\/p>\n<blockquote class=\"twitter-tweet\">\n<p dir=\"ltr\" lang=\"es\">La Secretar\u00eda de Cultura capitalina celebra el <a href=\"https:\/\/twitter.com\/hashtag\/D%C3%ADaDeLaNi%C3%B1aYDelNi%C3%B1o?src=hash&amp;ref_src=twsrc%5Etfw\">#D\u00edaDeLaNi\u00f1aYDelNi\u00f1o<\/a> \ud83d\udc6d con diversas actividades virtuales a partir del 28 de abril. Checa la programaci\u00f3n \ud83d\udc47\ud83c\udffe <a href=\"https:\/\/t.co\/sbbdQV95zW\">pic.twitter.com\/sbbdQV95zW<\/a><\/p>\n<p>\u2014 Secretar\u00eda de Cultura de la Ciudad de M\u00e9xico (@CulturaCiudadMx) <a href=\"https:\/\/twitter.com\/CulturaCiudadMx\/status\/1385783050412429315?ref_src=twsrc%5Etfw\">April 24, 2021<\/a><\/p><\/blockquote>\n<p><script async src=\"https:\/\/platform.twitter.com\/widgets.js\" charset=\"utf-8\"><\/script><\/p>\n<p>&nbsp;<\/p>\n<p>El <span style=\"color: #ff6600;\"><a style=\"color: #ff6600;\" href=\"https:\/\/coronavirus.gob.mx\/semaforo\/\" target=\"_blank\" rel=\"noopener noreferrer\">sem\u00e1foro epidemiol\u00f3gico<\/a><\/span> ha avanzado un poco as\u00ed que podr\u00edas organizar un peque\u00f1o encuentro con alg\u00fan amiguito, invitarlo a comer o a que pase la noche.<\/p>\n<p>Como recomendaci\u00f3n <strong>busca integrar actividades que les permitan utilizar su imaginaci\u00f3n<\/strong>, los alejen un poco de las pantallas y en las que interact\u00faen con otros y si son ni\u00f1os mejor.<\/p>\n<p>&nbsp;<\/p>\n<p><strong><em>Vamos \u00a1afuera!<\/em><\/strong><\/p>\n<p>Y bueno, como en efecto <strong>actualmente existe un mayor margen de maniobra<\/strong>, se vale salir, siempre y cuando, claro est\u00e1, utilicemos las medidas sanitarias de mascarilla, distancia y lavado de manos, despu\u00e9s de todo seguimos en pandemia y a todos nos conviene seguir controlando el n\u00famero de casos.<\/p>\n<p>As\u00ed que <strong>lo mejor que puedes hacer es organizar excursiones y peque\u00f1as reuniones en lugares al aire libre<\/strong>, donde puedan convivir sin exponerse en exceso.<\/p>\n<p><img loading=\"lazy\" decoding=\"async\" class=\"aligncenter size-full wp-image-5446\" src=\"https:\/\/u-storage.com.mx\/blog\/wp-content\/uploads\/2019\/02\/ninos-felices-05.jpg\" alt=\"Ni\u00f1o en el Parque\" width=\"800\" height=\"504\" \/><\/p>\n<p>Ir al zool\u00f3gico, a alg\u00fan parque, incluso al teatro son opciones padres y diferentes. Un <span style=\"color: #ff6600;\"><a style=\"color: #ff6600;\" href=\"https:\/\/u-storage.com.mx\/blog\/vamos-a-andar-en-bici-rutas-perfectas-para-disfrutar\/\">paseo en bici<\/a><\/span>, una caminata en alg\u00fan lugar como el Desierto de los Leones, La Marquesa, el Parque Bicentenario, ac\u00e1 en CDMX.<\/p>\n<p>Alrededor de la ciudad <strong>siempre se pueden encontrar lugares donde pueden acampar<\/strong> o realizar actividades como montar a caballo, pescar, correr, gritar y todas esas cosas que tanto bien hacen cuando uno es ni\u00f1o.<\/p>\n<p>Por <span style=\"color: #ff6600;\"><a style=\"color: #ff6600;\" href=\"https:\/\/u-storage.com.mx\/blog\/5-lugares-a-los-que-puedes-ir-sin-ponerte-en-riesgo\/\">ac\u00e1<\/a><\/span> te dejamos algunas recomendaciones de sitios seguros para salir, adem\u00e1s, de <span style=\"color: #ff6600;\"><a style=\"color: #ff6600;\" href=\"https:\/\/u-storage.com.mx\/blog\/guia-para-que-reunirte-con-amigos-y-familiares-sea-seguro\/\">nuestra gu\u00eda<\/a><\/span> para que cuando convivas con otros grupos de personas se cuiden mutuamente.<\/p>\n<p>&nbsp;<\/p>\n<p><strong><em>Vivan los ni\u00f1os<\/em><\/strong><\/p>\n<p><strong>Dedicarles tiempo y atenci\u00f3n es fundamental<\/strong>, planear actividades especiales para ellos los hacen sentir amados y seguros que es algo que siempre y hoy m\u00e1s que nunca todos los seres humanos necesitamos y m\u00e1s cuando somos ni\u00f1os y a nuestro alrededor ocurren cosas que no alcanzamos a comprender.<\/p>\n<p>Si\u00e9ntate con tu peque\u00f1o y <strong>platica con \u00e9l sobre sus sentimientos<\/strong>, dale chance de que exprese sus dudas y trata de resolv\u00e9rselas, duden juntos.<\/p>\n<p><img loading=\"lazy\" decoding=\"async\" class=\"aligncenter size-full wp-image-5442\" src=\"https:\/\/u-storage.com.mx\/blog\/wp-content\/uploads\/2019\/02\/ninos-felices-01.jpg\" alt=\"Ni\u00f1os Felices\" width=\"800\" height=\"400\" \/><\/p>\n<p>Trata de ponerte en sus zapatos y entender de donde vienen sus comportamientos y que es lo que necesita. Nunca olvides re\u00edr con ellos, recordarles que los quieres, crear y disfrutar espacios donde ellos puedan ser felices.<\/p>\n<p>&nbsp;<\/p>\n<p style=\"text-align: center;\"><strong>\u00a1Feliz D\u00eda del Ni\u00f1o y la Ni\u00f1a!<\/strong><\/p>\n<p>&nbsp;<\/p>\n<hr \/>\n<p>&nbsp;<\/p>\n<p>\u00bfQuieres m\u00e1s ideas de cosas que puedes hacer con tus hijos? Checa <span style=\"color: #ff6600;\"><a style=\"color: #ff6600;\" href=\"https:\/\/u-storage.com.mx\/blog\/ideas-para-que-los-ninos-disfruten-el-verano-en-casa\/\">\u00e9stas<\/a><\/span>, seguramente habr\u00e1 varias que puedes armar en estos d\u00edas.<\/p>\n","protected":false},"excerpt":{"rendered":"<p>Los ni\u00f1os son la alegr\u00eda del hogar y no hay mejor momento para recordarlo que el D\u00eda del Ni\u00f1o y la Ni\u00f1a as\u00ed que planeemos algo especial para los peque\u00f1os &#8230; <\/p>\n<p class=\"read-more-container\"><a title=\"\u00a1Feliz D\u00eda del Ni\u00f1o!\" class=\"read-more button\" href=\"https:\/\/u-storage.com.mx\/blog\/feliz-dia-del-nino\/#more-5439\" aria-label=\"Leer m\u00e1s sobre \u00a1Feliz D\u00eda del Ni\u00f1o!\">Leer m\u00e1s<\/a><\/p>\n","protected":false},"author":3,"featured_media":5445,"comment_status":"closed","ping_status":"closed","sticky":false,"template":"","format":"standard","meta":{"footnotes":""},"categories":[10],"tags":[320,182],"yoast_head":"<!-- This site is optimized with the Yoast SEO plugin v24.5 - https:\/\/yoast.com\/wordpress\/plugins\/seo\/ -->\n<title>\u00a1Feliz D\u00eda del Ni\u00f1o! | U-Storage<\/title>\n<meta name=\"description\" content=\"Los ni\u00f1os son la alegr\u00eda del hogar, as\u00ed que planeemos algo especial para ellos que en estos tiempos de pandemia no la han pasado tan bien como merecen.\" \/>\n<meta name=\"robots\" content=\"index, follow, max-snippet:-1, max-image-preview:large, max-video-preview:-1\" \/>\n<link rel=\"canonical\" href=\"https:\/\/u-storage.com.mx\/blog\/feliz-dia-del-nino\/\" \/>\n<meta property=\"og:locale\" content=\"es_MX\" \/>\n<meta property=\"og:type\" content=\"article\" \/>\n<meta property=\"og:title\" content=\"\u00a1Feliz D\u00eda del Ni\u00f1o! | U-Storage\" \/>\n<meta property=\"og:description\" content=\"Los ni\u00f1os son la alegr\u00eda del hogar, as\u00ed que planeemos algo especial para ellos que en estos tiempos de pandemia no la han pasado tan bien como merecen.\" \/>\n<meta property=\"og:url\" content=\"https:\/\/u-storage.com.mx\/blog\/feliz-dia-del-nino\/\" \/>\n<meta property=\"og:site_name\" content=\"Blog U-Storage\" \/>\n<meta property=\"article:publisher\" content=\"https:\/\/www.facebook.com\/ustorage\" \/>\n<meta property=\"article:published_time\" content=\"2021-04-28T16:52:16+00:00\" \/>\n<meta property=\"article:modified_time\" content=\"2023-08-29T19:33:16+00:00\" \/>\n<meta property=\"og:image\" content=\"https:\/\/u-storage.com.mx\/blog\/wp-content\/uploads\/2019\/02\/ninos-felices-04.jpg\" \/>\n\t<meta property=\"og:image:width\" content=\"800\" \/>\n\t<meta property=\"og:image:height\" content=\"468\" \/>\n\t<meta property=\"og:image:type\" content=\"image\/jpeg\" \/>\n<meta name=\"author\" content=\"Team U-Storage\" \/>\n<meta name=\"twitter:card\" content=\"summary_large_image\" \/>\n<meta name=\"twitter:creator\" content=\"@ustoragemx\" \/>\n<meta name=\"twitter:site\" content=\"@ustoragemx\" \/>\n<meta name=\"twitter:label1\" content=\"Escrito por\" \/>\n\t<meta name=\"twitter:data1\" content=\"Team U-Storage\" \/>\n\t<meta name=\"twitter:label2\" content=\"Tiempo de lectura\" \/>\n\t<meta name=\"twitter:data2\" content=\"5 minutos\" \/>\n<script type=\"application\/ld+json\" class=\"yoast-schema-graph\">{\"@context\":\"https:\/\/schema.org\",\"@graph\":[{\"@type\":\"Article\",\"@id\":\"https:\/\/u-storage.com.mx\/blog\/feliz-dia-del-nino\/#article\",\"isPartOf\":{\"@id\":\"https:\/\/u-storage.com.mx\/blog\/feliz-dia-del-nino\/\"},\"author\":{\"name\":\"Team U-Storage\",\"@id\":\"https:\/\/u-storage.com.mx\/blog\/#\/schema\/person\/608a120f11c54916febcf163a2727989\"},\"headline\":\"\u00a1Feliz D\u00eda del Ni\u00f1o!\",\"datePublished\":\"2021-04-28T16:52:16+00:00\",\"dateModified\":\"2023-08-29T19:33:16+00:00\",\"mainEntityOfPage\":{\"@id\":\"https:\/\/u-storage.com.mx\/blog\/feliz-dia-del-nino\/\"},\"wordCount\":1075,\"publisher\":{\"@id\":\"https:\/\/u-storage.com.mx\/blog\/#organization\"},\"image\":{\"@id\":\"https:\/\/u-storage.com.mx\/blog\/feliz-dia-del-nino\/#primaryimage\"},\"thumbnailUrl\":\"https:\/\/u-storage.com.mx\/blog\/wp-content\/uploads\/2019\/02\/ninos-felices-04.jpg\",\"keywords\":[\"2021\",\"d\u00eda del ni\u00f1o\"],\"articleSection\":[\"Lifestyle\"],\"inLanguage\":\"es\"},{\"@type\":\"WebPage\",\"@id\":\"https:\/\/u-storage.com.mx\/blog\/feliz-dia-del-nino\/\",\"url\":\"https:\/\/u-storage.com.mx\/blog\/feliz-dia-del-nino\/\",\"name\":\"\u00a1Feliz D\u00eda del Ni\u00f1o! | U-Storage\",\"isPartOf\":{\"@id\":\"https:\/\/u-storage.com.mx\/blog\/#website\"},\"primaryImageOfPage\":{\"@id\":\"https:\/\/u-storage.com.mx\/blog\/feliz-dia-del-nino\/#primaryimage\"},\"image\":{\"@id\":\"https:\/\/u-storage.com.mx\/blog\/feliz-dia-del-nino\/#primaryimage\"},\"thumbnailUrl\":\"https:\/\/u-storage.com.mx\/blog\/wp-content\/uploads\/2019\/02\/ninos-felices-04.jpg\",\"datePublished\":\"2021-04-28T16:52:16+00:00\",\"dateModified\":\"2023-08-29T19:33:16+00:00\",\"description\":\"Los ni\u00f1os son la alegr\u00eda del hogar, as\u00ed que planeemos algo especial para ellos que en estos tiempos de pandemia no la han pasado tan bien como merecen.\",\"inLanguage\":\"es\",\"potentialAction\":[{\"@type\":\"ReadAction\",\"target\":[\"https:\/\/u-storage.com.mx\/blog\/feliz-dia-del-nino\/\"]}]},{\"@type\":\"ImageObject\",\"inLanguage\":\"es\",\"@id\":\"https:\/\/u-storage.com.mx\/blog\/feliz-dia-del-nino\/#primaryimage\",\"url\":\"https:\/\/u-storage.com.mx\/blog\/wp-content\/uploads\/2019\/02\/ninos-felices-04.jpg\",\"contentUrl\":\"https:\/\/u-storage.com.mx\/blog\/wp-content\/uploads\/2019\/02\/ninos-felices-04.jpg\",\"width\":800,\"height\":468,\"caption\":\"Jugando en Familia\"},{\"@type\":\"WebSite\",\"@id\":\"https:\/\/u-storage.com.mx\/blog\/#website\",\"url\":\"https:\/\/u-storage.com.mx\/blog\/\",\"name\":\"Blog U-Storage\",\"description\":\"Aqu\u00ed encontrar\u00e1s informaci\u00f3n \u00fatil para tu vida, tus espacios actuales... y hasta c\u00f3mo aprovechar los nuevos!\",\"publisher\":{\"@id\":\"https:\/\/u-storage.com.mx\/blog\/#organization\"},\"potentialAction\":[{\"@type\":\"SearchAction\",\"target\":{\"@type\":\"EntryPoint\",\"urlTemplate\":\"https:\/\/u-storage.com.mx\/blog\/?s={search_term_string}\"},\"query-input\":{\"@type\":\"PropertyValueSpecification\",\"valueRequired\":true,\"valueName\":\"search_term_string\"}}],\"inLanguage\":\"es\"},{\"@type\":\"Organization\",\"@id\":\"https:\/\/u-storage.com.mx\/blog\/#organization\",\"name\":\"Blog U-Storage\",\"url\":\"https:\/\/u-storage.com.mx\/blog\/\",\"logo\":{\"@type\":\"ImageObject\",\"inLanguage\":\"es\",\"@id\":\"https:\/\/u-storage.com.mx\/blog\/#\/schema\/logo\/image\/\",\"url\":\"https:\/\/u-storage.com.mx\/blog\/wp-content\/uploads\/2024\/03\/BlogStorage-Logo.png\",\"contentUrl\":\"https:\/\/u-storage.com.mx\/blog\/wp-content\/uploads\/2024\/03\/BlogStorage-Logo.png\",\"width\":350,\"height\":73,\"caption\":\"Blog U-Storage\"},\"image\":{\"@id\":\"https:\/\/u-storage.com.mx\/blog\/#\/schema\/logo\/image\/\"},\"sameAs\":[\"https:\/\/www.facebook.com\/ustorage\",\"https:\/\/x.com\/ustoragemx\"]},{\"@type\":\"Person\",\"@id\":\"https:\/\/u-storage.com.mx\/blog\/#\/schema\/person\/608a120f11c54916febcf163a2727989\",\"name\":\"Team U-Storage\",\"image\":{\"@type\":\"ImageObject\",\"inLanguage\":\"es\",\"@id\":\"https:\/\/u-storage.com.mx\/blog\/#\/schema\/person\/image\/\",\"url\":\"https:\/\/secure.gravatar.com\/avatar\/1d7ac809a8e374c7bab9b5a189fae36b?s=96&d=mm&r=g\",\"contentUrl\":\"https:\/\/secure.gravatar.com\/avatar\/1d7ac809a8e374c7bab9b5a189fae36b?s=96&d=mm&r=g\",\"caption\":\"Team U-Storage\"},\"url\":\"https:\/\/u-storage.com.mx\/blog\/author\/ustorage\/\"}]}<\/script>\n<!-- \/ Yoast SEO plugin. -->","yoast_head_json":{"title":"\u00a1Feliz D\u00eda del Ni\u00f1o! | U-Storage","description":"Los ni\u00f1os son la alegr\u00eda del hogar, as\u00ed que planeemos algo especial para ellos que en estos tiempos de pandemia no la han pasado tan bien como merecen.","robots":{"index":"index","follow":"follow","max-snippet":"max-snippet:-1","max-image-preview":"max-image-preview:large","max-video-preview":"max-video-preview:-1"},"canonical":"https:\/\/u-storage.com.mx\/blog\/feliz-dia-del-nino\/","og_locale":"es_MX","og_type":"article","og_title":"\u00a1Feliz D\u00eda del Ni\u00f1o! | U-Storage","og_description":"Los ni\u00f1os son la alegr\u00eda del hogar, as\u00ed que planeemos algo especial para ellos que en estos tiempos de pandemia no la han pasado tan bien como merecen.","og_url":"https:\/\/u-storage.com.mx\/blog\/feliz-dia-del-nino\/","og_site_name":"Blog U-Storage","article_publisher":"https:\/\/www.facebook.com\/ustorage","article_published_time":"2021-04-28T16:52:16+00:00","article_modified_time":"2023-08-29T19:33:16+00:00","og_image":[{"width":800,"height":468,"url":"https:\/\/u-storage.com.mx\/blog\/wp-content\/uploads\/2019\/02\/ninos-felices-04.jpg","type":"image\/jpeg"}],"author":"Team U-Storage","twitter_card":"summary_large_image","twitter_creator":"@ustoragemx","twitter_site":"@ustoragemx","twitter_misc":{"Escrito por":"Team U-Storage","Tiempo de lectura":"5 minutos"},"schema":{"@context":"https:\/\/schema.org","@graph":[{"@type":"Article","@id":"https:\/\/u-storage.com.mx\/blog\/feliz-dia-del-nino\/#article","isPartOf":{"@id":"https:\/\/u-storage.com.mx\/blog\/feliz-dia-del-nino\/"},"author":{"name":"Team U-Storage","@id":"https:\/\/u-storage.com.mx\/blog\/#\/schema\/person\/608a120f11c54916febcf163a2727989"},"headline":"\u00a1Feliz D\u00eda del Ni\u00f1o!","datePublished":"2021-04-28T16:52:16+00:00","dateModified":"2023-08-29T19:33:16+00:00","mainEntityOfPage":{"@id":"https:\/\/u-storage.com.mx\/blog\/feliz-dia-del-nino\/"},"wordCount":1075,"publisher":{"@id":"https:\/\/u-storage.com.mx\/blog\/#organization"},"image":{"@id":"https:\/\/u-storage.com.mx\/blog\/feliz-dia-del-nino\/#primaryimage"},"thumbnailUrl":"https:\/\/u-storage.com.mx\/blog\/wp-content\/uploads\/2019\/02\/ninos-felices-04.jpg","keywords":["2021","d\u00eda del ni\u00f1o"],"articleSection":["Lifestyle"],"inLanguage":"es"},{"@type":"WebPage","@id":"https:\/\/u-storage.com.mx\/blog\/feliz-dia-del-nino\/","url":"https:\/\/u-storage.com.mx\/blog\/feliz-dia-del-nino\/","name":"\u00a1Feliz D\u00eda del Ni\u00f1o! | U-Storage","isPartOf":{"@id":"https:\/\/u-storage.com.mx\/blog\/#website"},"primaryImageOfPage":{"@id":"https:\/\/u-storage.com.mx\/blog\/feliz-dia-del-nino\/#primaryimage"},"image":{"@id":"https:\/\/u-storage.com.mx\/blog\/feliz-dia-del-nino\/#primaryimage"},"thumbnailUrl":"https:\/\/u-storage.com.mx\/blog\/wp-content\/uploads\/2019\/02\/ninos-felices-04.jpg","datePublished":"2021-04-28T16:52:16+00:00","dateModified":"2023-08-29T19:33:16+00:00","description":"Los ni\u00f1os son la alegr\u00eda del hogar, as\u00ed que planeemos algo especial para ellos que en estos tiempos de pandemia no la han pasado tan bien como merecen.","inLanguage":"es","potentialAction":[{"@type":"ReadAction","target":["https:\/\/u-storage.com.mx\/blog\/feliz-dia-del-nino\/"]}]},{"@type":"ImageObject","inLanguage":"es","@id":"https:\/\/u-storage.com.mx\/blog\/feliz-dia-del-nino\/#primaryimage","url":"https:\/\/u-storage.com.mx\/blog\/wp-content\/uploads\/2019\/02\/ninos-felices-04.jpg","contentUrl":"https:\/\/u-storage.com.mx\/blog\/wp-content\/uploads\/2019\/02\/ninos-felices-04.jpg","width":800,"height":468,"caption":"Jugando en Familia"},{"@type":"WebSite","@id":"https:\/\/u-storage.com.mx\/blog\/#website","url":"https:\/\/u-storage.com.mx\/blog\/","name":"Blog U-Storage","description":"Aqu\u00ed encontrar\u00e1s informaci\u00f3n \u00fatil para tu vida, tus espacios actuales... y hasta c\u00f3mo aprovechar los nuevos!","publisher":{"@id":"https:\/\/u-storage.com.mx\/blog\/#organization"},"potentialAction":[{"@type":"SearchAction","target":{"@type":"EntryPoint","urlTemplate":"https:\/\/u-storage.com.mx\/blog\/?s={search_term_string}"},"query-input":{"@type":"PropertyValueSpecification","valueRequired":true,"valueName":"search_term_string"}}],"inLanguage":"es"},{"@type":"Organization","@id":"https:\/\/u-storage.com.mx\/blog\/#organization","name":"Blog U-Storage","url":"https:\/\/u-storage.com.mx\/blog\/","logo":{"@type":"ImageObject","inLanguage":"es","@id":"https:\/\/u-storage.com.mx\/blog\/#\/schema\/logo\/image\/","url":"https:\/\/u-storage.com.mx\/blog\/wp-content\/uploads\/2024\/03\/BlogStorage-Logo.png","contentUrl":"https:\/\/u-storage.com.mx\/blog\/wp-content\/uploads\/2024\/03\/BlogStorage-Logo.png","width":350,"height":73,"caption":"Blog U-Storage"},"image":{"@id":"https:\/\/u-storage.com.mx\/blog\/#\/schema\/logo\/image\/"},"sameAs":["https:\/\/www.facebook.com\/ustorage","https:\/\/x.com\/ustoragemx"]},{"@type":"Person","@id":"https:\/\/u-storage.com.mx\/blog\/#\/schema\/person\/608a120f11c54916febcf163a2727989","name":"Team U-Storage","image":{"@type":"ImageObject","inLanguage":"es","@id":"https:\/\/u-storage.com.mx\/blog\/#\/schema\/person\/image\/","url":"https:\/\/secure.gravatar.com\/avatar\/1d7ac809a8e374c7bab9b5a189fae36b?s=96&d=mm&r=g","contentUrl":"https:\/\/secure.gravatar.com\/avatar\/1d7ac809a8e374c7bab9b5a189fae36b?s=96&d=mm&r=g","caption":"Team U-Storage"},"url":"https:\/\/u-storage.com.mx\/blog\/author\/ustorage\/"}]}},"_links":{"self":[{"href":"https:\/\/u-storage.com.mx\/blog\/wp-json\/wp\/v2\/posts\/5439"}],"collection":[{"href":"https:\/\/u-storage.com.mx\/blog\/wp-json\/wp\/v2\/posts"}],"about":[{"href":"https:\/\/u-storage.com.mx\/blog\/wp-json\/wp\/v2\/types\/post"}],"author":[{"embeddable":true,"href":"https:\/\/u-storage.com.mx\/blog\/wp-json\/wp\/v2\/users\/3"}],"replies":[{"embeddable":true,"href":"https:\/\/u-storage.com.mx\/blog\/wp-json\/wp\/v2\/comments?post=5439"}],"version-history":[{"count":1,"href":"https:\/\/u-storage.com.mx\/blog\/wp-json\/wp\/v2\/posts\/5439\/revisions"}],"predecessor-version":[{"id":8177,"href":"https:\/\/u-storage.com.mx\/blog\/wp-json\/wp\/v2\/posts\/5439\/revisions\/8177"}],"wp:featuredmedia":[{"embeddable":true,"href":"https:\/\/u-storage.com.mx\/blog\/wp-json\/wp\/v2\/media\/5445"}],"wp:attachment":[{"href":"https:\/\/u-storage.com.mx\/blog\/wp-json\/wp\/v2\/media?parent=5439"}],"wp:term":[{"taxonomy":"category","embeddable":true,"href":"https:\/\/u-storage.com.mx\/blog\/wp-json\/wp\/v2\/categories?post=5439"},{"taxonomy":"post_tag","embeddable":true,"href":"https:\/\/u-storage.com.mx\/blog\/wp-json\/wp\/v2\/tags?post=5439"}],"curies":[{"name":"wp","href":"https:\/\/api.w.org\/{rel}","templated":true}]}}