{"id":6031,"date":"2021-12-20T17:49:15","date_gmt":"2021-12-20T23:49:15","guid":{"rendered":"https:\/\/u-storage.com.mx\/blog\/?p=6031"},"modified":"2023-09-29T13:27:54","modified_gmt":"2023-09-29T19:27:54","slug":"dia-internacional-de-la-solidaridad-humana-u-storage","status":"publish","type":"post","link":"https:\/\/u-storage.com.mx\/blog\/dia-internacional-de-la-solidaridad-humana-u-storage\/","title":{"rendered":"D\u00eda Internacional de la Solidaridad Humana"},"content":{"rendered":"<p><strong>La temporada navide\u00f1a siempre llega con mensajes sobre la generosidad, el amor, la paz y claro, la solidaridad, as\u00ed que aprovechando que el 20 de diciembre es el D\u00eda Internacional de la Solidaridad Humana, hoy traemos algunas ideas para que puedas contribuir en tu comunidad. <\/strong><\/p>\n<p><strong>\u00a0<\/strong><\/p>\n<p>Coincidiendo con los festejos de la temporada, desde 2005, <strong>el D\u00eda Internacional de la Solidaridad Humana fue creado por la Asamblea General de las Naciones Unidas<\/strong>.<\/p>\n<p>El d\u00eda designado fue el 20 de diciembre y nosotros en U-Storage queremos aprovechar la fecha y el esp\u00edritu para hablar un poco del tema, as\u00ed como darte <strong>algunas ideas para que puedas contribuir en tu comunidad y desarrollar un poquito m\u00e1s tu sentido de empat\u00eda y solidaridad<\/strong>.<\/p>\n<p>El planteamiento del D\u00eda Internacional de la Solidaridad Humana busca promover la cultura de la generosidad, el esp\u00edritu de compartir, de ser emp\u00e1tico, de <strong>luchar contra la pobreza desde el lugar que cada uno de nosotros ocupa en este mundo<\/strong>.<\/p>\n<p><img loading=\"lazy\" decoding=\"async\" class=\"aligncenter size-full wp-image-6033\" src=\"https:\/\/u-storage.com.mx\/blog\/wp-content\/uploads\/2019\/02\/solidaridad-01.jpeg\" alt=\"D\u00eda Internacional de la Solidaridad Humana\" width=\"800\" height=\"533\" srcset=\"https:\/\/u-storage.com.mx\/blog\/wp-content\/uploads\/2019\/02\/solidaridad-01.jpeg 800w, https:\/\/u-storage.com.mx\/blog\/wp-content\/uploads\/2019\/02\/solidaridad-01-600x400.jpeg 600w, https:\/\/u-storage.com.mx\/blog\/wp-content\/uploads\/2019\/02\/solidaridad-01-300x200.jpeg 300w, https:\/\/u-storage.com.mx\/blog\/wp-content\/uploads\/2019\/02\/solidaridad-01-768x512.jpeg 768w\" sizes=\"(max-width: 800px) 100vw, 800px\" \/><\/p>\n<p>Y es que se trata de un d\u00eda que busca celebrar la unidad y la diferencia, <strong>la capacidad humana de ver al otro y querer ayudarlo<\/strong>, de contribuir con un granito de arena, de hacer la diferencia.<\/p>\n<p>Pero sucede que muchas veces los problemas del mundo, de los otros m\u00e1s los nuestros, nos hacen pensar que no vale la pena, que es imposible cambiar al mundo, acabar con la desigualdad, con el hambre, con la pobreza, con la violencia&#8230;<\/p>\n<p>Es abrumador, lo sabemos, y muchas veces, como mecanismo de defensa, mejor nos cerramos en nuestro propio microuniverso, pero, la verdad, eso no est\u00e1 nada bien, <strong>siempre podemos ayudar<\/strong>, siempre podemos prestar nuestros o\u00eddos y coraz\u00f3n, nuestras manos, nuestra presencia a quienes lo necesitan, \u00bfc\u00f3mo?<\/p>\n<p>Hay muchas formas y <strong>hoy traemos algunas ideas que pueden servirte para ayudar a tu comunidad a estar un pel\u00edn mejor<\/strong>, pero antes de iniciar hablemos un poquito de lo que significa la solidaridad y la empat\u00eda, \u00bfvale?<\/p>\n<p>&nbsp;<\/p>\n<p><strong>Ser solidario<\/strong><\/p>\n<p><strong>Solidaridad es apoyar una causa o inter\u00e9s externo<\/strong>, sobretodo si \u00e9sta es complicada o busca ayudar a personas en situaciones dif\u00edciles.<\/p>\n<p>Se trata de compartir con los dem\u00e1s, tanto lo emocional como lo material, respaldar causas justas que aporten al mundo, a nuestra comunidad, que ayuden a <strong>hacer al mundo o lugar donde vivimos un espacio mejor<\/strong>, m\u00e1s habitable, m\u00e1s digno.<\/p>\n<p>Solidario es aquel que mira lo que tiene y decide compartirlo, solidario tambi\u00e9n es <strong>aquel que se une a otras personas para conseguir un fin com\u00fan<\/strong>, es un valor que permite superar momentos dif\u00edciles.<\/p>\n<p><img loading=\"lazy\" decoding=\"async\" class=\"aligncenter size-full wp-image-6036\" src=\"https:\/\/u-storage.com.mx\/blog\/wp-content\/uploads\/2019\/02\/solidaridad-04.jpeg\" alt=\"Reforestaci\u00f3n\" width=\"800\" height=\"482\" \/><\/p>\n<p>Un ejemplo muy cercano a muchos de nosotros es cuando en 2017, el terremoto afect\u00f3 a tantos y de inmediato, en la medida de cada una de nuestras posibilidades, todos los mexicanos nos volcamos a ayudar, desde la remoci\u00f3n de escombros, pasando por dar alojamiento a quienes hab\u00edan perdido sus casas, repartiendo comida.<\/p>\n<p>Otro ejemplo m\u00e1s es el acatamiento de las medidas sanitarias que la pandemia por COVID-19 nos ha obligado a introducir a nuestras vidas: ha sido solidario encerrarnos, dejar de ver a nuestros amigos y familias, es solidario seguir usando mascarilla, respetar la sana distancia y lavarnos las manos constantemente, no s\u00f3lo lo hacemos por nosotros, lo hacemos por todos, al hacerlo somos solidarios con los cuerpos m\u00e9dicos que est\u00e1n en la primera l\u00ednea de batalla.<\/p>\n<p><strong>La solidaridad entre<\/strong><strong> nosotros nos ayuda a resistir las adversidades que la vida nos va presentando<\/strong>.<\/p>\n<p>&nbsp;<\/p>\n<p><strong>Ser emp\u00e1tico<\/strong><\/p>\n<p>En los \u00faltimos tiempos se habla mucho sobre la empat\u00eda, pero, muchas veces, hay que aceptarlo, no terminamos de captar el real significado de ser emp\u00e1tico, pues bien, <strong>la empat\u00eda es la intenci\u00f3n y el empe\u00f1o que ponemos en comprender los sentimientos, emociones y realidades del otro<\/strong>.<\/p>\n<p>Desarrollar la empat\u00eda es lo que nos permite ser solidarios, <strong>se trata un poco de ponerse en los zapatos del otro y pensar en c\u00f3mo podr\u00edamos ayudarlo<\/strong>, sin tener esta idea de ser su salvador, pues no se trata de eso, s\u00f3lo de estar ah\u00ed, de respetar su sentir, de no cancelar sus emociones o minimizarlas.<\/p>\n<p><img loading=\"lazy\" decoding=\"async\" class=\"aligncenter size-full wp-image-6035\" src=\"https:\/\/u-storage.com.mx\/blog\/wp-content\/uploads\/2019\/02\/solidaridad-03.jpeg\" alt=\"Ayuda Durante el Sismo\" width=\"800\" height=\"500\" \/><\/p>\n<p>Cuando conseguimos sentir el dolor de los dem\u00e1s, las carencias del otros, seguramente querremos ayudarlo, ser solidarios con ellos de alguna forma.<\/p>\n<p><strong>Ser emp\u00e1tico es saber escuchar a los dem\u00e1s<\/strong>, entender sus problemas lo cual siempre nos permitir\u00e1 entender y desarrollar las rutas para ayudar y ser solidario.<\/p>\n<p>No podemos contribuir sin entender, sin comprender la dificultad, sin ser emp\u00e1tico con los que esa situaci\u00f3n genera en quien la est\u00e1 viviendo.<\/p>\n<p><strong>Para ser emp\u00e1ticos necesitamos liberarnos de nuestros prejuicios<\/strong>, lo cual no es nada sencillo, pero c\u00f3mo vamos a comprender el sentir de los dem\u00e1s si lo vemos con bajo una lente llena de juicios sobre su actuar. Para ser emp\u00e1ticos tambi\u00e9n necesitamos entendernos a nosotros mismos y seguir conductas saludables, aplicar el autocuidado es lo primero que se necesita por que si no podemos ayudarnos a nosotros mismos, c\u00f3mo vamos a ayudar a los dem\u00e1s.<\/p>\n<p>&nbsp;<\/p>\n<p><strong>Ideas solidarias y emp\u00e1ticas para contribuir en tu comunidad <\/strong><\/p>\n<p><strong>La solidaridad y la empat\u00eda no pueden ser virtudes que activemos s\u00f3lo en Navidad<\/strong>, pero, la temporada la podemos usar como pretexto para iniciar en este nuevo camino.<\/p>\n<p>Hay muchas acciones, ideas que podemos poner en pr\u00e1ctica para ser solidarios y emp\u00e1ticos con nuestros seres queridos y nuestra comunidad.<\/p>\n<p>Para ser emp\u00e1ticos con nuestros amigos y familiares podr\u00eda bastar con que escucharlos, pero hacerlo realmente, no minimizar sus problemas, no hacer o\u00eddos sordos a sus realidades, por muy distintas que sean a la nuestra.<\/p>\n<p><img loading=\"lazy\" decoding=\"async\" class=\"aligncenter size-full wp-image-6034\" src=\"https:\/\/u-storage.com.mx\/blog\/wp-content\/uploads\/2019\/02\/solidaridad-02.jpeg\" alt=\"Cuidar a una Persona Mayor\" width=\"800\" height=\"533\" \/><\/p>\n<p>Ver las diferencias, querer conocerlas, aprender a respetarlas ya es ser solidario y ser emp\u00e1tico.<\/p>\n<p>Preparar comida para un amigo que enfrenta un duelo, acompa\u00f1ar a un vecino o persona mayor un rato por la tarde, hacerle la compra, visitar a un enfermo son <strong>peque\u00f1os granitos de solidaridad que podemos efectuar<\/strong>.<\/p>\n<p>Ense\u00f1ar a que nuestros hijos respeten a las personas diferentes, a los mayores, a <strong>entender que el amor es amor sin importar de que color se vista<\/strong>, a que habemos personas que nacemos morenas, otras blancas, otras negras, todo esto es el esp\u00edritu de la solidaridad, de la empat\u00eda humana.<\/p>\n<p>Compartir lo que tenemos, donar, por supuesto y en esta temporada seguramente encontrar\u00e1s alguna instituci\u00f3n u ONG que est\u00e9 armando colectas de ropa de invierno, juguetes o comida para las personas en situaciones de pobreza o abandono, as\u00ed que \u00fanete a alguna de ellas y si puedes donar tu tiempo mejor a\u00fan.<\/p>\n<p>Adoptar una mascota, tambi\u00e9n es una acci\u00f3n solidaria y empat\u00eda con aquellos peludos que no tienen quien los quiera. Por ac\u00e1 <span style=\"color: #ff6600;\"><a style=\"color: #ff6600;\" href=\"https:\/\/u-storage.com.mx\/blog\/adopta-una-mascota-salva-tu-corazon\/\">te dejamos nuestra entrada sobre adopci\u00f3n de mascotas<\/a><\/span>, as\u00ed podr\u00e1s conocer las implicaciones de lo que esta gran acci\u00f3n significa y tomar\u00e1s esta decisi\u00f3n seguro de que podr\u00e1s darle a ese lomito el amor y cuidado que necesita.<\/p>\n<p><img loading=\"lazy\" decoding=\"async\" class=\"aligncenter size-full wp-image-6037\" src=\"https:\/\/u-storage.com.mx\/blog\/wp-content\/uploads\/2019\/02\/solidaridad-05.jpeg\" alt=\"Donaci\u00f3n de Juguetes\" width=\"800\" height=\"534\" \/><\/p>\n<p>Volverte socio de una ONG y realizar donaciones peri\u00f3dicas es otra gran forma de ayudar, <strong>hay mil organizaciones que apoyan a grupos vulnerables<\/strong>, nosotros te dejamos ac\u00e1 la p\u00e1gina de <span style=\"color: #ff6600;\"><a style=\"color: #ff6600;\" href=\"https:\/\/reinserta.org\/\" target=\"_blank\" rel=\"noopener\">REINSERTA<\/a><\/span>, una ONG dedicada a trabajar con ni\u00f1os cuya infancia ha estado marcada por la violencia.<\/p>\n<p><strong>En tu comunidad y con tu familia tambi\u00e9n deben de existir muchas rutas para que seas solidario<\/strong>, todos tenemos un vecino que ocupa apoyo, ya sea en especie o emocional, el secreto es prender nuestras antenitas de empat\u00eda y darnos el tiempo de escuchar y sentir al otro.<\/p>\n<p>&nbsp;<\/p>\n<hr \/>\n<p>&nbsp;<\/p>\n<p>Por ac\u00e1 <span style=\"color: #ff6600;\"><a style=\"color: #ff6600;\" href=\"http:\/\/www.cadenadesonrisas.org.mx\/inicio\/directorio-de-fundaciones-y-asociaciones-invitadas\/\" target=\"_blank\" rel=\"noopener\">te dejamos un directorio con muchas organizaciones<\/a><\/span> y fundaciones que requieren voluntarios todo el a\u00f1o, ch\u00e9calo, seguro encontrar\u00e1s una que se ajuste con tus intereses y ganas de ayudar.<\/p>\n<p>&nbsp;<\/p>\n","protected":false},"excerpt":{"rendered":"<p>La temporada navide\u00f1a siempre llega con mensajes sobre la generosidad, el amor, la paz y claro, la solidaridad, as\u00ed que aprovechando que el 20 de diciembre es el D\u00eda Internacional &#8230; <\/p>\n<p class=\"read-more-container\"><a title=\"D\u00eda Internacional de la Solidaridad Humana\" class=\"read-more button\" href=\"https:\/\/u-storage.com.mx\/blog\/dia-internacional-de-la-solidaridad-humana-u-storage\/#more-6031\" aria-label=\"Leer m\u00e1s sobre D\u00eda Internacional de la Solidaridad Humana\">Leer m\u00e1s<\/a><\/p>\n","protected":false},"author":3,"featured_media":6033,"comment_status":"closed","ping_status":"closed","sticky":false,"template":"","format":"standard","meta":{"footnotes":""},"categories":[29],"tags":[267,268,11],"yoast_head":"<!-- This site is optimized with the Yoast SEO plugin v24.5 - https:\/\/yoast.com\/wordpress\/plugins\/seo\/ -->\n<title>D\u00eda Internacional de la Solidaridad Humana | U-Storage<\/title>\n<meta name=\"description\" content=\"El 20 de diciembre es el D\u00eda Internacional de la Solidaridad Humana y aprovechando traemos ideas para que contribuyas en tu comunidad.\" \/>\n<meta name=\"robots\" content=\"index, follow, max-snippet:-1, max-image-preview:large, max-video-preview:-1\" \/>\n<link rel=\"canonical\" href=\"https:\/\/u-storage.com.mx\/blog\/dia-internacional-de-la-solidaridad-humana-u-storage\/\" \/>\n<meta property=\"og:locale\" content=\"es_MX\" \/>\n<meta property=\"og:type\" content=\"article\" \/>\n<meta property=\"og:title\" content=\"D\u00eda Internacional de la Solidaridad Humana | U-Storage\" \/>\n<meta property=\"og:description\" content=\"El 20 de diciembre es el D\u00eda Internacional de la Solidaridad Humana y aprovechando traemos ideas para que contribuyas en tu comunidad.\" \/>\n<meta property=\"og:url\" content=\"https:\/\/u-storage.com.mx\/blog\/dia-internacional-de-la-solidaridad-humana-u-storage\/\" \/>\n<meta property=\"og:site_name\" content=\"Blog U-Storage\" \/>\n<meta property=\"article:publisher\" content=\"https:\/\/www.facebook.com\/ustorage\" \/>\n<meta property=\"article:published_time\" content=\"2021-12-20T23:49:15+00:00\" \/>\n<meta property=\"article:modified_time\" content=\"2023-09-29T19:27:54+00:00\" \/>\n<meta property=\"og:image\" content=\"https:\/\/u-storage.com.mx\/blog\/wp-content\/uploads\/2019\/02\/solidaridad-01.jpeg\" \/>\n\t<meta property=\"og:image:width\" content=\"800\" \/>\n\t<meta property=\"og:image:height\" content=\"533\" \/>\n\t<meta property=\"og:image:type\" content=\"image\/jpeg\" \/>\n<meta name=\"author\" content=\"Team U-Storage\" \/>\n<meta name=\"twitter:card\" content=\"summary_large_image\" \/>\n<meta name=\"twitter:creator\" content=\"@ustoragemx\" \/>\n<meta name=\"twitter:site\" content=\"@ustoragemx\" \/>\n<meta name=\"twitter:label1\" content=\"Escrito por\" \/>\n\t<meta name=\"twitter:data1\" content=\"Team U-Storage\" \/>\n\t<meta name=\"twitter:label2\" content=\"Tiempo de lectura\" \/>\n\t<meta name=\"twitter:data2\" content=\"7 minutos\" \/>\n<script type=\"application\/ld+json\" class=\"yoast-schema-graph\">{\"@context\":\"https:\/\/schema.org\",\"@graph\":[{\"@type\":\"Article\",\"@id\":\"https:\/\/u-storage.com.mx\/blog\/dia-internacional-de-la-solidaridad-humana-u-storage\/#article\",\"isPartOf\":{\"@id\":\"https:\/\/u-storage.com.mx\/blog\/dia-internacional-de-la-solidaridad-humana-u-storage\/\"},\"author\":{\"name\":\"Team U-Storage\",\"@id\":\"https:\/\/u-storage.com.mx\/blog\/#\/schema\/person\/608a120f11c54916febcf163a2727989\"},\"headline\":\"D\u00eda Internacional de la Solidaridad Humana\",\"datePublished\":\"2021-12-20T23:49:15+00:00\",\"dateModified\":\"2023-09-29T19:27:54+00:00\",\"mainEntityOfPage\":{\"@id\":\"https:\/\/u-storage.com.mx\/blog\/dia-internacional-de-la-solidaridad-humana-u-storage\/\"},\"wordCount\":1340,\"publisher\":{\"@id\":\"https:\/\/u-storage.com.mx\/blog\/#organization\"},\"image\":{\"@id\":\"https:\/\/u-storage.com.mx\/blog\/dia-internacional-de-la-solidaridad-humana-u-storage\/#primaryimage\"},\"thumbnailUrl\":\"https:\/\/u-storage.com.mx\/blog\/wp-content\/uploads\/2019\/02\/solidaridad-01.jpeg\",\"keywords\":[\"comunidad\",\"D\u00eda de la Solidaridad\",\"lifestyle\"],\"articleSection\":[\"Cultura\"],\"inLanguage\":\"es\"},{\"@type\":\"WebPage\",\"@id\":\"https:\/\/u-storage.com.mx\/blog\/dia-internacional-de-la-solidaridad-humana-u-storage\/\",\"url\":\"https:\/\/u-storage.com.mx\/blog\/dia-internacional-de-la-solidaridad-humana-u-storage\/\",\"name\":\"D\u00eda Internacional de la Solidaridad Humana | U-Storage\",\"isPartOf\":{\"@id\":\"https:\/\/u-storage.com.mx\/blog\/#website\"},\"primaryImageOfPage\":{\"@id\":\"https:\/\/u-storage.com.mx\/blog\/dia-internacional-de-la-solidaridad-humana-u-storage\/#primaryimage\"},\"image\":{\"@id\":\"https:\/\/u-storage.com.mx\/blog\/dia-internacional-de-la-solidaridad-humana-u-storage\/#primaryimage\"},\"thumbnailUrl\":\"https:\/\/u-storage.com.mx\/blog\/wp-content\/uploads\/2019\/02\/solidaridad-01.jpeg\",\"datePublished\":\"2021-12-20T23:49:15+00:00\",\"dateModified\":\"2023-09-29T19:27:54+00:00\",\"description\":\"El 20 de diciembre es el D\u00eda Internacional de la Solidaridad Humana y aprovechando traemos ideas para que contribuyas en tu comunidad.\",\"inLanguage\":\"es\",\"potentialAction\":[{\"@type\":\"ReadAction\",\"target\":[\"https:\/\/u-storage.com.mx\/blog\/dia-internacional-de-la-solidaridad-humana-u-storage\/\"]}]},{\"@type\":\"ImageObject\",\"inLanguage\":\"es\",\"@id\":\"https:\/\/u-storage.com.mx\/blog\/dia-internacional-de-la-solidaridad-humana-u-storage\/#primaryimage\",\"url\":\"https:\/\/u-storage.com.mx\/blog\/wp-content\/uploads\/2019\/02\/solidaridad-01.jpeg\",\"contentUrl\":\"https:\/\/u-storage.com.mx\/blog\/wp-content\/uploads\/2019\/02\/solidaridad-01.jpeg\",\"width\":800,\"height\":533,\"caption\":\"D\u00eda Internacional de la Solidaridad Humana\"},{\"@type\":\"WebSite\",\"@id\":\"https:\/\/u-storage.com.mx\/blog\/#website\",\"url\":\"https:\/\/u-storage.com.mx\/blog\/\",\"name\":\"Blog U-Storage\",\"description\":\"Aqu\u00ed encontrar\u00e1s informaci\u00f3n \u00fatil para tu vida, tus espacios actuales... y hasta c\u00f3mo aprovechar los nuevos!\",\"publisher\":{\"@id\":\"https:\/\/u-storage.com.mx\/blog\/#organization\"},\"potentialAction\":[{\"@type\":\"SearchAction\",\"target\":{\"@type\":\"EntryPoint\",\"urlTemplate\":\"https:\/\/u-storage.com.mx\/blog\/?s={search_term_string}\"},\"query-input\":{\"@type\":\"PropertyValueSpecification\",\"valueRequired\":true,\"valueName\":\"search_term_string\"}}],\"inLanguage\":\"es\"},{\"@type\":\"Organization\",\"@id\":\"https:\/\/u-storage.com.mx\/blog\/#organization\",\"name\":\"Blog U-Storage\",\"url\":\"https:\/\/u-storage.com.mx\/blog\/\",\"logo\":{\"@type\":\"ImageObject\",\"inLanguage\":\"es\",\"@id\":\"https:\/\/u-storage.com.mx\/blog\/#\/schema\/logo\/image\/\",\"url\":\"https:\/\/u-storage.com.mx\/blog\/wp-content\/uploads\/2024\/03\/BlogStorage-Logo.png\",\"contentUrl\":\"https:\/\/u-storage.com.mx\/blog\/wp-content\/uploads\/2024\/03\/BlogStorage-Logo.png\",\"width\":350,\"height\":73,\"caption\":\"Blog U-Storage\"},\"image\":{\"@id\":\"https:\/\/u-storage.com.mx\/blog\/#\/schema\/logo\/image\/\"},\"sameAs\":[\"https:\/\/www.facebook.com\/ustorage\",\"https:\/\/x.com\/ustoragemx\"]},{\"@type\":\"Person\",\"@id\":\"https:\/\/u-storage.com.mx\/blog\/#\/schema\/person\/608a120f11c54916febcf163a2727989\",\"name\":\"Team U-Storage\",\"image\":{\"@type\":\"ImageObject\",\"inLanguage\":\"es\",\"@id\":\"https:\/\/u-storage.com.mx\/blog\/#\/schema\/person\/image\/\",\"url\":\"https:\/\/secure.gravatar.com\/avatar\/1d7ac809a8e374c7bab9b5a189fae36b?s=96&d=mm&r=g\",\"contentUrl\":\"https:\/\/secure.gravatar.com\/avatar\/1d7ac809a8e374c7bab9b5a189fae36b?s=96&d=mm&r=g\",\"caption\":\"Team U-Storage\"},\"url\":\"https:\/\/u-storage.com.mx\/blog\/author\/ustorage\/\"}]}<\/script>\n<!-- \/ Yoast SEO plugin. -->","yoast_head_json":{"title":"D\u00eda Internacional de la Solidaridad Humana | U-Storage","description":"El 20 de diciembre es el D\u00eda Internacional de la Solidaridad Humana y aprovechando traemos ideas para que contribuyas en tu comunidad.","robots":{"index":"index","follow":"follow","max-snippet":"max-snippet:-1","max-image-preview":"max-image-preview:large","max-video-preview":"max-video-preview:-1"},"canonical":"https:\/\/u-storage.com.mx\/blog\/dia-internacional-de-la-solidaridad-humana-u-storage\/","og_locale":"es_MX","og_type":"article","og_title":"D\u00eda Internacional de la Solidaridad Humana | U-Storage","og_description":"El 20 de diciembre es el D\u00eda Internacional de la Solidaridad Humana y aprovechando traemos ideas para que contribuyas en tu comunidad.","og_url":"https:\/\/u-storage.com.mx\/blog\/dia-internacional-de-la-solidaridad-humana-u-storage\/","og_site_name":"Blog U-Storage","article_publisher":"https:\/\/www.facebook.com\/ustorage","article_published_time":"2021-12-20T23:49:15+00:00","article_modified_time":"2023-09-29T19:27:54+00:00","og_image":[{"width":800,"height":533,"url":"https:\/\/u-storage.com.mx\/blog\/wp-content\/uploads\/2019\/02\/solidaridad-01.jpeg","type":"image\/jpeg"}],"author":"Team U-Storage","twitter_card":"summary_large_image","twitter_creator":"@ustoragemx","twitter_site":"@ustoragemx","twitter_misc":{"Escrito por":"Team U-Storage","Tiempo de lectura":"7 minutos"},"schema":{"@context":"https:\/\/schema.org","@graph":[{"@type":"Article","@id":"https:\/\/u-storage.com.mx\/blog\/dia-internacional-de-la-solidaridad-humana-u-storage\/#article","isPartOf":{"@id":"https:\/\/u-storage.com.mx\/blog\/dia-internacional-de-la-solidaridad-humana-u-storage\/"},"author":{"name":"Team U-Storage","@id":"https:\/\/u-storage.com.mx\/blog\/#\/schema\/person\/608a120f11c54916febcf163a2727989"},"headline":"D\u00eda Internacional de la Solidaridad Humana","datePublished":"2021-12-20T23:49:15+00:00","dateModified":"2023-09-29T19:27:54+00:00","mainEntityOfPage":{"@id":"https:\/\/u-storage.com.mx\/blog\/dia-internacional-de-la-solidaridad-humana-u-storage\/"},"wordCount":1340,"publisher":{"@id":"https:\/\/u-storage.com.mx\/blog\/#organization"},"image":{"@id":"https:\/\/u-storage.com.mx\/blog\/dia-internacional-de-la-solidaridad-humana-u-storage\/#primaryimage"},"thumbnailUrl":"https:\/\/u-storage.com.mx\/blog\/wp-content\/uploads\/2019\/02\/solidaridad-01.jpeg","keywords":["comunidad","D\u00eda de la Solidaridad","lifestyle"],"articleSection":["Cultura"],"inLanguage":"es"},{"@type":"WebPage","@id":"https:\/\/u-storage.com.mx\/blog\/dia-internacional-de-la-solidaridad-humana-u-storage\/","url":"https:\/\/u-storage.com.mx\/blog\/dia-internacional-de-la-solidaridad-humana-u-storage\/","name":"D\u00eda Internacional de la Solidaridad Humana | U-Storage","isPartOf":{"@id":"https:\/\/u-storage.com.mx\/blog\/#website"},"primaryImageOfPage":{"@id":"https:\/\/u-storage.com.mx\/blog\/dia-internacional-de-la-solidaridad-humana-u-storage\/#primaryimage"},"image":{"@id":"https:\/\/u-storage.com.mx\/blog\/dia-internacional-de-la-solidaridad-humana-u-storage\/#primaryimage"},"thumbnailUrl":"https:\/\/u-storage.com.mx\/blog\/wp-content\/uploads\/2019\/02\/solidaridad-01.jpeg","datePublished":"2021-12-20T23:49:15+00:00","dateModified":"2023-09-29T19:27:54+00:00","description":"El 20 de diciembre es el D\u00eda Internacional de la Solidaridad Humana y aprovechando traemos ideas para que contribuyas en tu comunidad.","inLanguage":"es","potentialAction":[{"@type":"ReadAction","target":["https:\/\/u-storage.com.mx\/blog\/dia-internacional-de-la-solidaridad-humana-u-storage\/"]}]},{"@type":"ImageObject","inLanguage":"es","@id":"https:\/\/u-storage.com.mx\/blog\/dia-internacional-de-la-solidaridad-humana-u-storage\/#primaryimage","url":"https:\/\/u-storage.com.mx\/blog\/wp-content\/uploads\/2019\/02\/solidaridad-01.jpeg","contentUrl":"https:\/\/u-storage.com.mx\/blog\/wp-content\/uploads\/2019\/02\/solidaridad-01.jpeg","width":800,"height":533,"caption":"D\u00eda Internacional de la Solidaridad Humana"},{"@type":"WebSite","@id":"https:\/\/u-storage.com.mx\/blog\/#website","url":"https:\/\/u-storage.com.mx\/blog\/","name":"Blog U-Storage","description":"Aqu\u00ed encontrar\u00e1s informaci\u00f3n \u00fatil para tu vida, tus espacios actuales... y hasta c\u00f3mo aprovechar los nuevos!","publisher":{"@id":"https:\/\/u-storage.com.mx\/blog\/#organization"},"potentialAction":[{"@type":"SearchAction","target":{"@type":"EntryPoint","urlTemplate":"https:\/\/u-storage.com.mx\/blog\/?s={search_term_string}"},"query-input":{"@type":"PropertyValueSpecification","valueRequired":true,"valueName":"search_term_string"}}],"inLanguage":"es"},{"@type":"Organization","@id":"https:\/\/u-storage.com.mx\/blog\/#organization","name":"Blog U-Storage","url":"https:\/\/u-storage.com.mx\/blog\/","logo":{"@type":"ImageObject","inLanguage":"es","@id":"https:\/\/u-storage.com.mx\/blog\/#\/schema\/logo\/image\/","url":"https:\/\/u-storage.com.mx\/blog\/wp-content\/uploads\/2024\/03\/BlogStorage-Logo.png","contentUrl":"https:\/\/u-storage.com.mx\/blog\/wp-content\/uploads\/2024\/03\/BlogStorage-Logo.png","width":350,"height":73,"caption":"Blog U-Storage"},"image":{"@id":"https:\/\/u-storage.com.mx\/blog\/#\/schema\/logo\/image\/"},"sameAs":["https:\/\/www.facebook.com\/ustorage","https:\/\/x.com\/ustoragemx"]},{"@type":"Person","@id":"https:\/\/u-storage.com.mx\/blog\/#\/schema\/person\/608a120f11c54916febcf163a2727989","name":"Team U-Storage","image":{"@type":"ImageObject","inLanguage":"es","@id":"https:\/\/u-storage.com.mx\/blog\/#\/schema\/person\/image\/","url":"https:\/\/secure.gravatar.com\/avatar\/1d7ac809a8e374c7bab9b5a189fae36b?s=96&d=mm&r=g","contentUrl":"https:\/\/secure.gravatar.com\/avatar\/1d7ac809a8e374c7bab9b5a189fae36b?s=96&d=mm&r=g","caption":"Team U-Storage"},"url":"https:\/\/u-storage.com.mx\/blog\/author\/ustorage\/"}]}},"_links":{"self":[{"href":"https:\/\/u-storage.com.mx\/blog\/wp-json\/wp\/v2\/posts\/6031"}],"collection":[{"href":"https:\/\/u-storage.com.mx\/blog\/wp-json\/wp\/v2\/posts"}],"about":[{"href":"https:\/\/u-storage.com.mx\/blog\/wp-json\/wp\/v2\/types\/post"}],"author":[{"embeddable":true,"href":"https:\/\/u-storage.com.mx\/blog\/wp-json\/wp\/v2\/users\/3"}],"replies":[{"embeddable":true,"href":"https:\/\/u-storage.com.mx\/blog\/wp-json\/wp\/v2\/comments?post=6031"}],"version-history":[{"count":2,"href":"https:\/\/u-storage.com.mx\/blog\/wp-json\/wp\/v2\/posts\/6031\/revisions"}],"predecessor-version":[{"id":8137,"href":"https:\/\/u-storage.com.mx\/blog\/wp-json\/wp\/v2\/posts\/6031\/revisions\/8137"}],"wp:featuredmedia":[{"embeddable":true,"href":"https:\/\/u-storage.com.mx\/blog\/wp-json\/wp\/v2\/media\/6033"}],"wp:attachment":[{"href":"https:\/\/u-storage.com.mx\/blog\/wp-json\/wp\/v2\/media?parent=6031"}],"wp:term":[{"taxonomy":"category","embeddable":true,"href":"https:\/\/u-storage.com.mx\/blog\/wp-json\/wp\/v2\/categories?post=6031"},{"taxonomy":"post_tag","embeddable":true,"href":"https:\/\/u-storage.com.mx\/blog\/wp-json\/wp\/v2\/tags?post=6031"}],"curies":[{"name":"wp","href":"https:\/\/api.w.org\/{rel}","templated":true}]}}