{"id":6746,"date":"2022-06-20T12:15:18","date_gmt":"2022-06-20T17:15:18","guid":{"rendered":"https:\/\/u-storage.com.mx\/blog\/?p=6746"},"modified":"2023-08-15T16:02:05","modified_gmt":"2023-08-15T22:02:05","slug":"dia-mundial-del-refugiado","status":"publish","type":"post","link":"https:\/\/u-storage.com.mx\/blog\/dia-mundial-del-refugiado\/","title":{"rendered":"D\u00eda Mundial del Refugiado: El Refugio Somos Todos"},"content":{"rendered":"<p><span style=\"font-size: 14pt;\"><strong>Dentro de los miles de millones de personas que habitamos el planeta, existe un creciente n\u00famero que se encuentra sumamente vulnerable, se trata de los refugiados, y este 20 de junio es su d\u00eda.<\/strong><\/span><\/p>\n<p>&nbsp;<\/p>\n<p><span style=\"font-size: 14pt;\">De acuerdo con el Diccionario de la Real Academia de la Lengua Espa\u00f1ola, refugiada o refugiado es aquella persona que, a consecuencia de las guerras, revoluciones o persecuciones pol\u00edticas, <strong>se ve obligada a salir de su pa\u00eds buscando refugio en otro<\/strong>.<\/span><\/p>\n<p><span style=\"font-size: 14pt;\">Creado con el objetivo de honrar la fuerza y el coraje de los refugiados, <strong>el D\u00eda Mundial del Refugiado busca levantar conciencia y apoyo para todas aquellas personas que en su pa\u00eds ya no estaban seguros<\/strong> y por tanto, tuvieron que salir.<\/span><\/p>\n<p><span style=\"font-size: 14pt;\"><img loading=\"lazy\" decoding=\"async\" class=\"aligncenter size-full wp-image-6748\" src=\"https:\/\/u-storage.com.mx\/blog\/wp-content\/uploads\/2019\/02\/refugiados-01.jpeg\" alt=\"D\u00eda Mundial de los Refugiados\" width=\"800\" height=\"333\" \/><\/span><\/p>\n<p><span style=\"font-size: 14pt;\">Mujeres, ni\u00f1os, ni\u00f1as, hombres, ancianos y ancianas, se trata de <strong>un vasto grupo de personas que han decidido dejar todo atr\u00e1s buscando paz<\/strong>, un techo, un trabajo, la posibilidad de vivir sin estar en riesgo y penuria constante.<\/span><\/p>\n<p><span style=\"font-size: 14pt;\">Seguramente alguna vez escuchaste sobre Siria, sobre los refugiados de Afganist\u00e1n, de \u00c1frica, los barcos que llegan por el Mediterr\u00e1neo esperando que alg\u00fan pa\u00eds europeo les permita encallar en sus puertos. Sabemos que existen, pero <strong>nos parecen tan lejanos que pensamos que nada tienen que ver con nuestra realidad<\/strong>, sin embargo, de este lado del mundo, tambi\u00e9n enfrentamos crisis de refugiados.<\/span><\/p>\n<p><span style=\"font-size: 14pt;\">En los pa\u00edses que componen Centroam\u00e9rica, El Salvador, Honduras, Nicaragua, Guatemala, <strong>diariamente miles de personas sufren traumas<\/strong>, hambre, fr\u00edo, desesperaci\u00f3n, enfermedades, violencia y p\u00e9rdidas. Venezuela, Hait\u00ed, son otros pa\u00edses de Latinoam\u00e9rica cuyos habitantes deciden abandonar todo para buscar una nueva alternativa.<\/span><\/p>\n<p><span style=\"font-size: 14pt;\">M\u00e9xico es un puente para ellos, aunque muchas veces, tambi\u00e9n un puerto, <strong>de ah\u00ed que sea tan importante que todos los que habitamos nuestro pa\u00eds seamos un poquito m\u00e1s conscientes de esta problem\u00e1tica<\/strong> humanitaria, de ah\u00ed que hoy en U-Storage nos queramos sumar al D\u00eda Mundial del Refugiado.<\/span><\/p>\n<p>&nbsp;<\/p>\n<p><span style=\"font-size: 14pt;\"><strong>Algunos datos en el D\u00eda Mundial del Refugiado<\/strong><\/span><\/p>\n<p><span style=\"font-size: 14pt;\">De acuerdo a la Agencia de la ONU para los Refugiados (<span style=\"color: #ff6600;\"><a style=\"color: #ff6600;\" href=\"https:\/\/www.acnur.org\/\" target=\"_blank\" rel=\"noopener\">ACNUR<\/a><\/span>), <strong>este 2022 alrededor de 100 millones de personas viven una condici\u00f3n de desplazados y\/o refugiados<\/strong> y la guerra que actualmente se vive entre Ucrania y Rusia no ha hecho sino aumentar el n\u00famero.<\/span><\/p>\n<p><span style=\"font-size: 14pt;\">Se cree que <strong>m\u00e1s de 40 mil personas huyen diariamente buscando refugio fuera de las fronteras de sus pa\u00eds<\/strong>es.<\/span><\/p>\n<p><span style=\"font-size: 14pt;\">Cinco pa\u00edses (Myanmar, Sud\u00e1n del Sur, Venezuela, Rep\u00fablica \u00c1rabe Siria y Afganist\u00e1n) son los puntos de origen del 69% de los refugiados a nivel mundial.<\/span><\/p>\n<p><span style=\"font-size: 14pt;\"><img loading=\"lazy\" decoding=\"async\" class=\"aligncenter size-full wp-image-6749\" src=\"https:\/\/u-storage.com.mx\/blog\/wp-content\/uploads\/2019\/02\/refugiados-02.jpeg\" alt=\"Refugiados\" width=\"800\" height=\"420\" srcset=\"https:\/\/u-storage.com.mx\/blog\/wp-content\/uploads\/2019\/02\/refugiados-02.jpeg 800w, https:\/\/u-storage.com.mx\/blog\/wp-content\/uploads\/2019\/02\/refugiados-02-600x315.jpeg 600w, https:\/\/u-storage.com.mx\/blog\/wp-content\/uploads\/2019\/02\/refugiados-02-300x158.jpeg 300w, https:\/\/u-storage.com.mx\/blog\/wp-content\/uploads\/2019\/02\/refugiados-02-768x403.jpeg 768w\" sizes=\"(max-width: 800px) 100vw, 800px\" \/><\/span><\/p>\n<p><span style=\"font-size: 14pt;\">La mayor crisis de refugiados en el mundo la vive Siria, que ha forzado a m\u00e1s de seis millones de sus habitantes a pedir asilo, mientras que Venezuela es el segundo pa\u00eds con 4.6 millones.<\/span><\/p>\n<p><span style=\"font-size: 14pt;\">El 41% de las personas desplazadas por la fuerza son ni\u00f1as y ni\u00f1os.<\/span><\/p>\n<p><span style=\"font-size: 14pt;\">Actualmente existen 4.6 millones de solicitudes de asilo.<\/span><\/p>\n<p><span style=\"font-size: 14pt;\">El 83% de los refugiados han sido acogidos por pa\u00edses en v\u00edas de desarrollo.<\/span><\/p>\n<p><span style=\"font-size: 14pt;\">Cerca de 900 mil personas en Centroam\u00e9rica han dejado atr\u00e1s todo en busca de un lugar seguro para vivir.<\/span><\/p>\n<p><span style=\"font-size: 14pt;\">Entre 2015 y 2019 el n\u00famero de personas que solicitaron protecci\u00f3n internacional en M\u00e9xico aumento 20 veces.<\/span><\/p>\n<p><span style=\"font-size: 14pt;\">Para m\u00e1s <strong>datos sobre la situaci\u00f3n de los refugiados en el mundo<\/strong>, <span style=\"color: #ff6600;\"><a style=\"color: #ff6600;\" href=\"https:\/\/www.acnur.org\/es\/datos-basicos.html\" target=\"_blank\" rel=\"noopener\">consulta el sitio de ACNUR<\/a><\/span>.<\/span><\/p>\n<p>&nbsp;<\/p>\n<p><span style=\"font-size: 14pt;\"><strong>Un trabajo interminable<\/strong><\/span><\/p>\n<p><span style=\"font-size: 14pt;\">Desde 2001, a petici\u00f3n de la Organizaci\u00f3n de las Naciones Unidas, m\u00e1s de 100 pa\u00edses se unen al D\u00eda Mundial del Refugiado. <strong>Agencias gubernamentales y no gubernamentales trabajan de manera constante para ayudar a estas personas<\/strong>, sin embargo, debido a que los conflictos contin\u00faan o nacen, este trabajo nunca termina.<\/span><\/p>\n<p><span style=\"font-size: 14pt;\">De ah\u00ed que sea tan importante que m\u00e1s ayuda y m\u00e1s atenci\u00f3n sea puesta en la crisis humanitaria que se vive. Los obst\u00e1culos que enfrentan los refugiados diariamente requieren una fuerza y un coraje que pocos podemos imaginar como posible. <strong>Las condiciones en las que salen de sus pa\u00edses son atemorizantes y el viaje que emprenden es terriblemente cruel<\/strong>.<\/span><\/p>\n<p><span style=\"font-size: 14pt;\">Para muestra de este viaje, recomendamos acercarse al libro <span style=\"color: #ff6600;\"><a style=\"color: #ff6600;\" href=\"https:\/\/sextopiso.mx\/esp\/item\/3\/3\/los-ninos-perdidos\" target=\"_blank\" rel=\"noopener\">Los ni\u00f1os perdidos (un ensayo en cuarenta preguntas)<\/a><\/span> de la escritora Valeria Luiselli pues se trata de un acercamiento al viaje que los ni\u00f1os centroamericanos emprenden en su b\u00fasqueda de refugio en Estados Unidos.<\/span><\/p>\n<p><span style=\"font-size: 14pt;\"><img loading=\"lazy\" decoding=\"async\" class=\"aligncenter size-full wp-image-6750\" src=\"https:\/\/u-storage.com.mx\/blog\/wp-content\/uploads\/2019\/02\/refugiados-03.jpeg\" alt=\"Ni\u00f1os Refugiados\" width=\"800\" height=\"533\" \/><\/span><\/p>\n<p><span style=\"font-size: 14pt;\">El trabajo que se realiza en pro de los refugiados incluye proveerlos de cosas tan b\u00e1sicas como alimento y ropa, un techo para dormir, asesoramiento legal e integraci\u00f3n a grupos y formas de vida locales.<\/span><\/p>\n<p>&nbsp;<\/p>\n<p><span style=\"font-size: 14pt;\"><strong>Participa en el D\u00eda Mundial del Refugiado<\/strong><\/span><\/p>\n<p><span style=\"font-size: 14pt;\">Para crear una tendencia global de solidaridad y conciencia en torno a este problema la ACNUR ha lanzado desde hace ya varios a\u00f1os el hashtag <span style=\"color: #ff6600;\"><a style=\"color: #ff6600;\" href=\"https:\/\/twitter.com\/hashtag\/withrefugees?ref_src=twsrc%5Egoogle%7Ctwcamp%5Eserp%7Ctwgr%5Ehashtag\" target=\"_blank\" rel=\"noopener\">#WithRefugees<\/a><\/span> o <span style=\"color: #ff6600;\"><a style=\"color: #ff6600;\" href=\"https:\/\/twitter.com\/hashtag\/conlosrefugiados?ref_src=twsrc%5Egoogle%7Ctwcamp%5Eserp%7Ctwgr%5Ehashtag\" target=\"_blank\" rel=\"noopener\">#ConLosRefugiados<\/a><\/span> as\u00ed que <strong>te invitamos a revisar las publicaciones que se hacen<\/strong> o bien, a unirte publicando t\u00fa mismo un mensaje de hermandad.<\/span><\/p>\n<p><span style=\"font-size: 14pt;\">Con los ojos del mundo puestos en el problema durante este d\u00eda, muchas de las organizaciones que trabajan en pro de los refugiados organizan actividades para conmemorar el d\u00eda y sumar adeptos a su causa as\u00ed que podr\u00edas investigar alguna de ellas y ver de que forma puedes integrarte a sus actividades.<\/span><\/p>\n<p><span style=\"font-size: 14pt;\">En M\u00e9xico dos de las ONG\u2019s que m\u00e1s esfuerzos hacen para ayudar a los refugiados son <span style=\"color: #ff6600;\"><a style=\"color: #ff6600;\" href=\"https:\/\/sinfronteras.org.mx\/\" target=\"_blank\" rel=\"noopener\">Sin Fronteras<\/a><\/span> y <span style=\"color: #ff6600;\"><a style=\"color: #ff6600;\" href=\"http:\/\/casarefugiados.org\/\" target=\"_blank\" rel=\"noopener\">Casa Refugiados<\/a><\/span> por lo que <strong>podr\u00edas darte un clavadito a sus p\u00e1ginas y ver que est\u00e1n preparando<\/strong>, tal vez por la premura no puedas sumarte exactamente hoy pero tal vez, en un futuro quieras y puedas aportar de alguna manera.<\/span><\/p>\n<p><span style=\"font-size: 14pt;\"><img loading=\"lazy\" decoding=\"async\" class=\"aligncenter size-full wp-image-6751\" src=\"https:\/\/u-storage.com.mx\/blog\/wp-content\/uploads\/2019\/02\/refugiados-04.jpeg\" alt=\"Refugiados en M\u00e9xico\" width=\"800\" height=\"500\" \/><\/span><\/p>\n<p><span style=\"font-size: 14pt;\">Cada acci\u00f3n cuenta en este esfuerzo que es <strong>crear un mundo m\u00e1s incluyente, pac\u00edfico y justo para todos<\/strong>. Hablar y leer sobre el tema, por simple que suena, ayuda aunque nos parezca que no. Poco a poco vamos despertando nuestra atenci\u00f3n y compasi\u00f3n, estar informado, pendiente de las crisis que se viven en el mundo nos permite tomar postura, realizar peque\u00f1as o grandes acciones que vayan encaminadas a aportar algo, por muy insignificante que nos parezca.<\/span><\/p>\n<p><span style=\"font-size: 14pt;\">Tenemos que tratar de ponernos en los zapatos, m\u00e1s bien pies, de quienes muchas veces salen de sus lugares de origen sin pr\u00e1cticamente nada encima, <strong>imaginar los terribles escenarios que obligan a una madre a mandar solos a sus hijos con tal de ponerlos a salvo<\/strong>. Pensar en las mujeres que se ponen en manos de traficantes que bien pueden hacerles da\u00f1o con tal de no seguir en el lugar donde nacieron.<\/span><\/p>\n<p><span style=\"font-size: 14pt;\"><strong>Las situaciones que obligan a una persona salir de su lugar de origen son devastadoras<\/strong> y nosotros como mexicanos, tenemos mucha experiencia al respecto, despu\u00e9s de todo cu\u00e1ntos de nuestros compatriotas no han dejado atr\u00e1s a sus familias para irse a Estados Unidos en busca de una oportunidad de sustento y mejora de vida.<\/span><\/p>\n<p><span style=\"font-size: 14pt;\">El racismo, la exclusi\u00f3n, el miedo a lo desconocido no deben jam\u00e1s dominar sobre nosotros y aunque en nuestro pa\u00eds el rechazo a los migrantes no es tan grave como en otros pa\u00edses, existen expresiones de odio que circulan y nos envenenan contra aquel que est\u00e1 m\u00e1s vulnerable.<\/span><\/p>\n<p><span style=\"font-size: 14pt;\"><img loading=\"lazy\" decoding=\"async\" class=\"aligncenter size-full wp-image-6752\" src=\"https:\/\/u-storage.com.mx\/blog\/wp-content\/uploads\/2019\/02\/refugiados-05.jpeg\" alt=\"Cruce de Refugiados\" width=\"800\" height=\"450\" \/><\/span><\/p>\n<p><span style=\"font-size: 14pt;\">No permitamos que nos envenenen esos sentimientos y siempre, extendamos la mano amiga, la exclusi\u00f3n no puede generar nada bueno, as\u00ed que <strong>siempre que tengamos la oportunidad volteemos a ver a aquellos que viven una situaci\u00f3n precaria<\/strong>, que ocupan nuestra ayuda. Si en tu barrio existen comunidades migrantes trata de acercarte a ellos, conocer su cultura, la razones que tienen para dejar su pa\u00eds.<\/span><\/p>\n<p>&nbsp;<\/p>\n<hr \/>\n<p>&nbsp;<\/p>\n<p><span style=\"font-size: 14pt;\">Al final, la vida es para ser amable y solidario con todos los seres que nos rodean por eso\u00a0<span style=\"color: #ff6600;\"><a style=\"color: #ff6600;\" href=\"https:\/\/u-storage.com.mx\/blog\/dia-internacional-de-la-solidaridad-humana\/\">te dejamos nuestra entrada sobre el D\u00eda de la Solidaridad<\/a><\/span>.<\/span><\/p>\n<p>&nbsp;<\/p>\n","protected":false},"excerpt":{"rendered":"<p>Dentro de los miles de millones de personas que habitamos el planeta, existe un creciente n\u00famero que se encuentra sumamente vulnerable, se trata de los refugiados, y este 20 de &#8230; <\/p>\n<p class=\"read-more-container\"><a title=\"D\u00eda Mundial del Refugiado: El Refugio Somos Todos\" class=\"read-more button\" href=\"https:\/\/u-storage.com.mx\/blog\/dia-mundial-del-refugiado\/#more-6746\" aria-label=\"Leer m\u00e1s sobre D\u00eda Mundial del Refugiado: El Refugio Somos Todos\">Leer m\u00e1s<\/a><\/p>\n","protected":false},"author":3,"featured_media":6749,"comment_status":"closed","ping_status":"closed","sticky":false,"template":"","format":"standard","meta":{"footnotes":""},"categories":[29],"tags":[286,287,288],"yoast_head":"<!-- This site is optimized with the Yoast SEO plugin v24.5 - https:\/\/yoast.com\/wordpress\/plugins\/seo\/ -->\n<title>D\u00eda Mundial del Refugiado: El Refugio Somos Todos | Blog U-Storage<\/title>\n<meta name=\"description\" content=\"El D\u00eda Mundial del Refugiado busca levantar conciencia y apoyo para las personas que en su pa\u00eds ya no estaban seguros y tuvieron que salir.\" \/>\n<meta name=\"robots\" content=\"index, follow, max-snippet:-1, max-image-preview:large, max-video-preview:-1\" \/>\n<link rel=\"canonical\" href=\"https:\/\/u-storage.com.mx\/blog\/dia-mundial-del-refugiado\/\" \/>\n<meta property=\"og:locale\" content=\"es_MX\" \/>\n<meta property=\"og:type\" content=\"article\" \/>\n<meta property=\"og:title\" content=\"D\u00eda Mundial del Refugiado: El Refugio Somos Todos | Blog U-Storage\" \/>\n<meta property=\"og:description\" content=\"El D\u00eda Mundial del Refugiado busca levantar conciencia y apoyo para las personas que en su pa\u00eds ya no estaban seguros y tuvieron que salir.\" \/>\n<meta property=\"og:url\" content=\"https:\/\/u-storage.com.mx\/blog\/dia-mundial-del-refugiado\/\" \/>\n<meta property=\"og:site_name\" content=\"Blog U-Storage\" \/>\n<meta property=\"article:publisher\" content=\"https:\/\/www.facebook.com\/ustorage\" \/>\n<meta property=\"article:published_time\" content=\"2022-06-20T17:15:18+00:00\" \/>\n<meta property=\"article:modified_time\" content=\"2023-08-15T22:02:05+00:00\" \/>\n<meta property=\"og:image\" content=\"https:\/\/u-storage.com.mx\/blog\/wp-content\/uploads\/2019\/02\/refugiados-02.jpeg\" \/>\n\t<meta property=\"og:image:width\" content=\"800\" \/>\n\t<meta property=\"og:image:height\" content=\"420\" \/>\n\t<meta property=\"og:image:type\" content=\"image\/jpeg\" \/>\n<meta name=\"author\" content=\"Team U-Storage\" \/>\n<meta name=\"twitter:card\" content=\"summary_large_image\" \/>\n<meta name=\"twitter:creator\" content=\"@ustoragemx\" \/>\n<meta name=\"twitter:site\" content=\"@ustoragemx\" \/>\n<meta name=\"twitter:label1\" content=\"Escrito por\" \/>\n\t<meta name=\"twitter:data1\" content=\"Team U-Storage\" \/>\n\t<meta name=\"twitter:label2\" content=\"Tiempo de lectura\" \/>\n\t<meta name=\"twitter:data2\" content=\"7 minutos\" \/>\n<script type=\"application\/ld+json\" class=\"yoast-schema-graph\">{\"@context\":\"https:\/\/schema.org\",\"@graph\":[{\"@type\":\"Article\",\"@id\":\"https:\/\/u-storage.com.mx\/blog\/dia-mundial-del-refugiado\/#article\",\"isPartOf\":{\"@id\":\"https:\/\/u-storage.com.mx\/blog\/dia-mundial-del-refugiado\/\"},\"author\":{\"name\":\"Team U-Storage\",\"@id\":\"https:\/\/u-storage.com.mx\/blog\/#\/schema\/person\/608a120f11c54916febcf163a2727989\"},\"headline\":\"D\u00eda Mundial del Refugiado: El Refugio Somos Todos\",\"datePublished\":\"2022-06-20T17:15:18+00:00\",\"dateModified\":\"2023-08-15T22:02:05+00:00\",\"mainEntityOfPage\":{\"@id\":\"https:\/\/u-storage.com.mx\/blog\/dia-mundial-del-refugiado\/\"},\"wordCount\":1326,\"publisher\":{\"@id\":\"https:\/\/u-storage.com.mx\/blog\/#organization\"},\"image\":{\"@id\":\"https:\/\/u-storage.com.mx\/blog\/dia-mundial-del-refugiado\/#primaryimage\"},\"thumbnailUrl\":\"https:\/\/u-storage.com.mx\/blog\/wp-content\/uploads\/2019\/02\/refugiados-02.jpeg\",\"keywords\":[\"20 de junio\",\"d\u00eda mundial del refugiado\",\"refugiados\"],\"articleSection\":[\"Cultura\"],\"inLanguage\":\"es\"},{\"@type\":\"WebPage\",\"@id\":\"https:\/\/u-storage.com.mx\/blog\/dia-mundial-del-refugiado\/\",\"url\":\"https:\/\/u-storage.com.mx\/blog\/dia-mundial-del-refugiado\/\",\"name\":\"D\u00eda Mundial del Refugiado: El Refugio Somos Todos | Blog U-Storage\",\"isPartOf\":{\"@id\":\"https:\/\/u-storage.com.mx\/blog\/#website\"},\"primaryImageOfPage\":{\"@id\":\"https:\/\/u-storage.com.mx\/blog\/dia-mundial-del-refugiado\/#primaryimage\"},\"image\":{\"@id\":\"https:\/\/u-storage.com.mx\/blog\/dia-mundial-del-refugiado\/#primaryimage\"},\"thumbnailUrl\":\"https:\/\/u-storage.com.mx\/blog\/wp-content\/uploads\/2019\/02\/refugiados-02.jpeg\",\"datePublished\":\"2022-06-20T17:15:18+00:00\",\"dateModified\":\"2023-08-15T22:02:05+00:00\",\"description\":\"El D\u00eda Mundial del Refugiado busca levantar conciencia y apoyo para las personas que en su pa\u00eds ya no estaban seguros y tuvieron que salir.\",\"inLanguage\":\"es\",\"potentialAction\":[{\"@type\":\"ReadAction\",\"target\":[\"https:\/\/u-storage.com.mx\/blog\/dia-mundial-del-refugiado\/\"]}]},{\"@type\":\"ImageObject\",\"inLanguage\":\"es\",\"@id\":\"https:\/\/u-storage.com.mx\/blog\/dia-mundial-del-refugiado\/#primaryimage\",\"url\":\"https:\/\/u-storage.com.mx\/blog\/wp-content\/uploads\/2019\/02\/refugiados-02.jpeg\",\"contentUrl\":\"https:\/\/u-storage.com.mx\/blog\/wp-content\/uploads\/2019\/02\/refugiados-02.jpeg\",\"width\":800,\"height\":420,\"caption\":\"D\u00eda mundial del refugiado\"},{\"@type\":\"WebSite\",\"@id\":\"https:\/\/u-storage.com.mx\/blog\/#website\",\"url\":\"https:\/\/u-storage.com.mx\/blog\/\",\"name\":\"Blog U-Storage\",\"description\":\"Aqu\u00ed encontrar\u00e1s informaci\u00f3n \u00fatil para tu vida, tus espacios actuales... y hasta c\u00f3mo aprovechar los nuevos!\",\"publisher\":{\"@id\":\"https:\/\/u-storage.com.mx\/blog\/#organization\"},\"potentialAction\":[{\"@type\":\"SearchAction\",\"target\":{\"@type\":\"EntryPoint\",\"urlTemplate\":\"https:\/\/u-storage.com.mx\/blog\/?s={search_term_string}\"},\"query-input\":{\"@type\":\"PropertyValueSpecification\",\"valueRequired\":true,\"valueName\":\"search_term_string\"}}],\"inLanguage\":\"es\"},{\"@type\":\"Organization\",\"@id\":\"https:\/\/u-storage.com.mx\/blog\/#organization\",\"name\":\"Blog U-Storage\",\"url\":\"https:\/\/u-storage.com.mx\/blog\/\",\"logo\":{\"@type\":\"ImageObject\",\"inLanguage\":\"es\",\"@id\":\"https:\/\/u-storage.com.mx\/blog\/#\/schema\/logo\/image\/\",\"url\":\"https:\/\/u-storage.com.mx\/blog\/wp-content\/uploads\/2024\/03\/BlogStorage-Logo.png\",\"contentUrl\":\"https:\/\/u-storage.com.mx\/blog\/wp-content\/uploads\/2024\/03\/BlogStorage-Logo.png\",\"width\":350,\"height\":73,\"caption\":\"Blog U-Storage\"},\"image\":{\"@id\":\"https:\/\/u-storage.com.mx\/blog\/#\/schema\/logo\/image\/\"},\"sameAs\":[\"https:\/\/www.facebook.com\/ustorage\",\"https:\/\/x.com\/ustoragemx\"]},{\"@type\":\"Person\",\"@id\":\"https:\/\/u-storage.com.mx\/blog\/#\/schema\/person\/608a120f11c54916febcf163a2727989\",\"name\":\"Team U-Storage\",\"image\":{\"@type\":\"ImageObject\",\"inLanguage\":\"es\",\"@id\":\"https:\/\/u-storage.com.mx\/blog\/#\/schema\/person\/image\/\",\"url\":\"https:\/\/secure.gravatar.com\/avatar\/1d7ac809a8e374c7bab9b5a189fae36b?s=96&d=mm&r=g\",\"contentUrl\":\"https:\/\/secure.gravatar.com\/avatar\/1d7ac809a8e374c7bab9b5a189fae36b?s=96&d=mm&r=g\",\"caption\":\"Team U-Storage\"},\"url\":\"https:\/\/u-storage.com.mx\/blog\/author\/ustorage\/\"}]}<\/script>\n<!-- \/ Yoast SEO plugin. -->","yoast_head_json":{"title":"D\u00eda Mundial del Refugiado: El Refugio Somos Todos | Blog U-Storage","description":"El D\u00eda Mundial del Refugiado busca levantar conciencia y apoyo para las personas que en su pa\u00eds ya no estaban seguros y tuvieron que salir.","robots":{"index":"index","follow":"follow","max-snippet":"max-snippet:-1","max-image-preview":"max-image-preview:large","max-video-preview":"max-video-preview:-1"},"canonical":"https:\/\/u-storage.com.mx\/blog\/dia-mundial-del-refugiado\/","og_locale":"es_MX","og_type":"article","og_title":"D\u00eda Mundial del Refugiado: El Refugio Somos Todos | Blog U-Storage","og_description":"El D\u00eda Mundial del Refugiado busca levantar conciencia y apoyo para las personas que en su pa\u00eds ya no estaban seguros y tuvieron que salir.","og_url":"https:\/\/u-storage.com.mx\/blog\/dia-mundial-del-refugiado\/","og_site_name":"Blog U-Storage","article_publisher":"https:\/\/www.facebook.com\/ustorage","article_published_time":"2022-06-20T17:15:18+00:00","article_modified_time":"2023-08-15T22:02:05+00:00","og_image":[{"width":800,"height":420,"url":"https:\/\/u-storage.com.mx\/blog\/wp-content\/uploads\/2019\/02\/refugiados-02.jpeg","type":"image\/jpeg"}],"author":"Team U-Storage","twitter_card":"summary_large_image","twitter_creator":"@ustoragemx","twitter_site":"@ustoragemx","twitter_misc":{"Escrito por":"Team U-Storage","Tiempo de lectura":"7 minutos"},"schema":{"@context":"https:\/\/schema.org","@graph":[{"@type":"Article","@id":"https:\/\/u-storage.com.mx\/blog\/dia-mundial-del-refugiado\/#article","isPartOf":{"@id":"https:\/\/u-storage.com.mx\/blog\/dia-mundial-del-refugiado\/"},"author":{"name":"Team U-Storage","@id":"https:\/\/u-storage.com.mx\/blog\/#\/schema\/person\/608a120f11c54916febcf163a2727989"},"headline":"D\u00eda Mundial del Refugiado: El Refugio Somos Todos","datePublished":"2022-06-20T17:15:18+00:00","dateModified":"2023-08-15T22:02:05+00:00","mainEntityOfPage":{"@id":"https:\/\/u-storage.com.mx\/blog\/dia-mundial-del-refugiado\/"},"wordCount":1326,"publisher":{"@id":"https:\/\/u-storage.com.mx\/blog\/#organization"},"image":{"@id":"https:\/\/u-storage.com.mx\/blog\/dia-mundial-del-refugiado\/#primaryimage"},"thumbnailUrl":"https:\/\/u-storage.com.mx\/blog\/wp-content\/uploads\/2019\/02\/refugiados-02.jpeg","keywords":["20 de junio","d\u00eda mundial del refugiado","refugiados"],"articleSection":["Cultura"],"inLanguage":"es"},{"@type":"WebPage","@id":"https:\/\/u-storage.com.mx\/blog\/dia-mundial-del-refugiado\/","url":"https:\/\/u-storage.com.mx\/blog\/dia-mundial-del-refugiado\/","name":"D\u00eda Mundial del Refugiado: El Refugio Somos Todos | Blog U-Storage","isPartOf":{"@id":"https:\/\/u-storage.com.mx\/blog\/#website"},"primaryImageOfPage":{"@id":"https:\/\/u-storage.com.mx\/blog\/dia-mundial-del-refugiado\/#primaryimage"},"image":{"@id":"https:\/\/u-storage.com.mx\/blog\/dia-mundial-del-refugiado\/#primaryimage"},"thumbnailUrl":"https:\/\/u-storage.com.mx\/blog\/wp-content\/uploads\/2019\/02\/refugiados-02.jpeg","datePublished":"2022-06-20T17:15:18+00:00","dateModified":"2023-08-15T22:02:05+00:00","description":"El D\u00eda Mundial del Refugiado busca levantar conciencia y apoyo para las personas que en su pa\u00eds ya no estaban seguros y tuvieron que salir.","inLanguage":"es","potentialAction":[{"@type":"ReadAction","target":["https:\/\/u-storage.com.mx\/blog\/dia-mundial-del-refugiado\/"]}]},{"@type":"ImageObject","inLanguage":"es","@id":"https:\/\/u-storage.com.mx\/blog\/dia-mundial-del-refugiado\/#primaryimage","url":"https:\/\/u-storage.com.mx\/blog\/wp-content\/uploads\/2019\/02\/refugiados-02.jpeg","contentUrl":"https:\/\/u-storage.com.mx\/blog\/wp-content\/uploads\/2019\/02\/refugiados-02.jpeg","width":800,"height":420,"caption":"D\u00eda mundial del refugiado"},{"@type":"WebSite","@id":"https:\/\/u-storage.com.mx\/blog\/#website","url":"https:\/\/u-storage.com.mx\/blog\/","name":"Blog U-Storage","description":"Aqu\u00ed encontrar\u00e1s informaci\u00f3n \u00fatil para tu vida, tus espacios actuales... y hasta c\u00f3mo aprovechar los nuevos!","publisher":{"@id":"https:\/\/u-storage.com.mx\/blog\/#organization"},"potentialAction":[{"@type":"SearchAction","target":{"@type":"EntryPoint","urlTemplate":"https:\/\/u-storage.com.mx\/blog\/?s={search_term_string}"},"query-input":{"@type":"PropertyValueSpecification","valueRequired":true,"valueName":"search_term_string"}}],"inLanguage":"es"},{"@type":"Organization","@id":"https:\/\/u-storage.com.mx\/blog\/#organization","name":"Blog U-Storage","url":"https:\/\/u-storage.com.mx\/blog\/","logo":{"@type":"ImageObject","inLanguage":"es","@id":"https:\/\/u-storage.com.mx\/blog\/#\/schema\/logo\/image\/","url":"https:\/\/u-storage.com.mx\/blog\/wp-content\/uploads\/2024\/03\/BlogStorage-Logo.png","contentUrl":"https:\/\/u-storage.com.mx\/blog\/wp-content\/uploads\/2024\/03\/BlogStorage-Logo.png","width":350,"height":73,"caption":"Blog U-Storage"},"image":{"@id":"https:\/\/u-storage.com.mx\/blog\/#\/schema\/logo\/image\/"},"sameAs":["https:\/\/www.facebook.com\/ustorage","https:\/\/x.com\/ustoragemx"]},{"@type":"Person","@id":"https:\/\/u-storage.com.mx\/blog\/#\/schema\/person\/608a120f11c54916febcf163a2727989","name":"Team U-Storage","image":{"@type":"ImageObject","inLanguage":"es","@id":"https:\/\/u-storage.com.mx\/blog\/#\/schema\/person\/image\/","url":"https:\/\/secure.gravatar.com\/avatar\/1d7ac809a8e374c7bab9b5a189fae36b?s=96&d=mm&r=g","contentUrl":"https:\/\/secure.gravatar.com\/avatar\/1d7ac809a8e374c7bab9b5a189fae36b?s=96&d=mm&r=g","caption":"Team U-Storage"},"url":"https:\/\/u-storage.com.mx\/blog\/author\/ustorage\/"}]}},"_links":{"self":[{"href":"https:\/\/u-storage.com.mx\/blog\/wp-json\/wp\/v2\/posts\/6746"}],"collection":[{"href":"https:\/\/u-storage.com.mx\/blog\/wp-json\/wp\/v2\/posts"}],"about":[{"href":"https:\/\/u-storage.com.mx\/blog\/wp-json\/wp\/v2\/types\/post"}],"author":[{"embeddable":true,"href":"https:\/\/u-storage.com.mx\/blog\/wp-json\/wp\/v2\/users\/3"}],"replies":[{"embeddable":true,"href":"https:\/\/u-storage.com.mx\/blog\/wp-json\/wp\/v2\/comments?post=6746"}],"version-history":[{"count":1,"href":"https:\/\/u-storage.com.mx\/blog\/wp-json\/wp\/v2\/posts\/6746\/revisions"}],"predecessor-version":[{"id":8108,"href":"https:\/\/u-storage.com.mx\/blog\/wp-json\/wp\/v2\/posts\/6746\/revisions\/8108"}],"wp:featuredmedia":[{"embeddable":true,"href":"https:\/\/u-storage.com.mx\/blog\/wp-json\/wp\/v2\/media\/6749"}],"wp:attachment":[{"href":"https:\/\/u-storage.com.mx\/blog\/wp-json\/wp\/v2\/media?parent=6746"}],"wp:term":[{"taxonomy":"category","embeddable":true,"href":"https:\/\/u-storage.com.mx\/blog\/wp-json\/wp\/v2\/categories?post=6746"},{"taxonomy":"post_tag","embeddable":true,"href":"https:\/\/u-storage.com.mx\/blog\/wp-json\/wp\/v2\/tags?post=6746"}],"curies":[{"name":"wp","href":"https:\/\/api.w.org\/{rel}","templated":true}]}}